{"id":10784,"date":"2024-05-10T16:14:53","date_gmt":"2024-05-10T14:14:53","guid":{"rendered":"http:\/\/antam.ovh\/?p=10784"},"modified":"2024-05-10T16:22:50","modified_gmt":"2024-05-10T14:22:50","slug":"in-memoriam-rene-carboni","status":"publish","type":"post","link":"https:\/\/antam.ovh\/index.php\/2024\/05\/10\/in-memoriam-rene-carboni\/","title":{"rendered":"In memoriam Ren\u00e9 CARBONI"},"content":{"rendered":"\t\t<div data-elementor-type=\"wp-post\" data-elementor-id=\"10784\" class=\"elementor elementor-10784\">\n\t\t\t\t\t\t<section class=\"elementor-section elementor-top-section elementor-element elementor-element-ca3ae7b elementor-section-boxed elementor-section-height-default elementor-section-height-default\" data-id=\"ca3ae7b\" data-element_type=\"section\">\n\t\t\t\t\t\t<div class=\"elementor-container elementor-column-gap-default\">\n\t\t\t\t\t<div class=\"elementor-column elementor-col-100 elementor-top-column elementor-element elementor-element-fd6c6f3\" data-id=\"fd6c6f3\" data-element_type=\"column\">\n\t\t\t<div class=\"elementor-widget-wrap elementor-element-populated\">\n\t\t\t\t\t\t<div class=\"elementor-element elementor-element-86e2f9f elementor-widget elementor-widget-heading\" data-id=\"86e2f9f\" data-element_type=\"widget\" data-widget_type=\"heading.default\">\n\t\t\t\t<div class=\"elementor-widget-container\">\n\t\t\t<h1 class=\"elementor-heading-title elementor-size-default\">In memoriam Ren\u00e9 CARBONI<\/h1>\t\t<\/div>\n\t\t\t\t<\/div>\n\t\t\t\t\t<\/div>\n\t\t<\/div>\n\t\t\t\t\t<\/div>\n\t\t<\/section>\n\t\t\t\t<section class=\"elementor-section elementor-top-section elementor-element elementor-element-7cf4ee8 elementor-section-boxed elementor-section-height-default elementor-section-height-default\" data-id=\"7cf4ee8\" data-element_type=\"section\">\n\t\t\t\t\t\t<div class=\"elementor-container elementor-column-gap-default\">\n\t\t\t\t\t<div class=\"elementor-column elementor-col-100 elementor-top-column elementor-element elementor-element-f749609\" data-id=\"f749609\" data-element_type=\"column\">\n\t\t\t<div class=\"elementor-widget-wrap elementor-element-populated\">\n\t\t\t\t\t\t<div class=\"elementor-element elementor-element-8542cfa elementor-widget elementor-widget-image\" data-id=\"8542cfa\" data-element_type=\"widget\" data-widget_type=\"image.default\">\n\t\t\t\t<div class=\"elementor-widget-container\">\n\t\t\t\t\t\t\t\t\t\t\t\t\t<img fetchpriority=\"high\" decoding=\"async\" width=\"838\" height=\"135\" src=\"https:\/\/antam.ovh\/wp-content\/uploads\/2024\/05\/carboni.png\" class=\"attachment-large size-large wp-image-10786\" alt=\"\" srcset=\"https:\/\/antam.ovh\/wp-content\/uploads\/2024\/05\/carboni.png 838w, https:\/\/antam.ovh\/wp-content\/uploads\/2024\/05\/carboni-300x48.png 300w, https:\/\/antam.ovh\/wp-content\/uploads\/2024\/05\/carboni-768x124.png 768w\" sizes=\"(max-width: 838px) 100vw, 838px\" \/>\t\t\t\t\t\t\t\t\t\t\t\t\t<\/div>\n\t\t\t\t<\/div>\n\t\t\t\t\t<\/div>\n\t\t<\/div>\n\t\t\t\t\t<\/div>\n\t\t<\/section>\n\t\t\t\t<section class=\"elementor-section elementor-top-section elementor-element elementor-element-fd5ccc2 elementor-section-boxed elementor-section-height-default elementor-section-height-default\" data-id=\"fd5ccc2\" data-element_type=\"section\">\n\t\t\t\t\t\t<div class=\"elementor-container elementor-column-gap-default\">\n\t\t\t\t\t<div class=\"elementor-column elementor-col-100 elementor-top-column elementor-element elementor-element-e1a403c\" data-id=\"e1a403c\" data-element_type=\"column\">\n\t\t\t<div class=\"elementor-widget-wrap elementor-element-populated\">\n\t\t\t\t\t\t<div class=\"elementor-element elementor-element-ab1f606 elementor-widget elementor-widget-text-editor\" data-id=\"ab1f606\" data-element_type=\"widget\" data-widget_type=\"text-editor.default\">\n\t\t\t\t<div class=\"elementor-widget-container\">\n\t\t\t\t\t\t\t<p>Chers Antamiens,<\/p><p>Nous avons la tristesse d&rsquo;apprendre le d\u00e9c\u00e8s du Lieutenant-colonel Ren\u00e9 Carboni, survenu le 6 mai 2024 \u00e0 Lons-le-Saulnier.<\/p><p>N\u00e9 en 1933, Ren\u00e9 est entr\u00e9 dans l&rsquo;Arm\u00e9e de l&rsquo;Air \u00e0 Saintes en 1950. Volontaire pour aller en Indochine en tant que sergent, il y restera apr\u00e8s les accords de Paris comme formateur de l&rsquo;arm\u00e9e laotienne jusqu&rsquo;en 1957.<\/p><p>En 1958, il est admis \u00e0 l&rsquo;\u00e9cole militaire de l&rsquo;air puis rejoint Avord avant d&rsquo;\u00eatre mut\u00e9 au Tchad \u00e0 Fort-Lamy pendant trois ans, puis au B\u00e9arn sur N 2501 et \u00e0 Dakar en assistance technique.<\/p><p>Apr\u00e8s un passage \u00e0 Balard, il repart au Tchad en 1974 pour trois ann\u00e9es avant de revenir en \u00e9tat-major jusqu&rsquo;\u00e0 la fin de sa carri\u00e8re en 1983.<\/p><p>\u00a0<\/p><p>Ses obs\u00e8ques auront lieu le samedi 11 mai \u00e0 10h30 en l&rsquo;\u00e9glise Saint Luc de Lons-le-Saulnier.<\/p><p>\u00a0<\/p><p>Nous avons une pens\u00e9e pour son fils et pour tous ceux qui perdent un camarade et un fr\u00e8re d&rsquo;armes.<\/p>\t\t\t\t\t\t<\/div>\n\t\t\t\t<\/div>\n\t\t\t\t\t<\/div>\n\t\t<\/div>\n\t\t\t\t\t<\/div>\n\t\t<\/section>\n\t\t\t\t<\/div>\n\t\t","protected":false},"excerpt":{"rendered":"<p>In memoriam Ren\u00e9 CARBONI Chers Antamiens, Nous avons la tristesse d&rsquo;apprendre le d\u00e9c\u00e8s du Lieutenant-colonel Ren\u00e9 Carboni, survenu le 6 mai 2024 \u00e0 Lons-le-Saulnier. N\u00e9 en 1933, Ren\u00e9 est entr\u00e9 dans l&rsquo;Arm\u00e9e de l&rsquo;Air \u00e0 Saintes en 1950. Volontaire pour aller en Indochine en tant que sergent, il y restera apr\u00e8s les accords de Paris [&hellip;]<\/p>\n","protected":false},"author":676,"featured_media":0,"comment_status":"closed","ping_status":"closed","sticky":false,"template":"","format":"standard","meta":[],"categories":[15],"tags":[],"_links":{"self":[{"href":"https:\/\/antam.ovh\/index.php\/wp-json\/wp\/v2\/posts\/10784"}],"collection":[{"href":"https:\/\/antam.ovh\/index.php\/wp-json\/wp\/v2\/posts"}],"about":[{"href":"https:\/\/antam.ovh\/index.php\/wp-json\/wp\/v2\/types\/post"}],"author":[{"embeddable":true,"href":"https:\/\/antam.ovh\/index.php\/wp-json\/wp\/v2\/users\/676"}],"replies":[{"embeddable":true,"href":"https:\/\/antam.ovh\/index.php\/wp-json\/wp\/v2\/comments?post=10784"}],"version-history":[{"count":5,"href":"https:\/\/antam.ovh\/index.php\/wp-json\/wp\/v2\/posts\/10784\/revisions"}],"predecessor-version":[{"id":10791,"href":"https:\/\/antam.ovh\/index.php\/wp-json\/wp\/v2\/posts\/10784\/revisions\/10791"}],"wp:attachment":[{"href":"https:\/\/antam.ovh\/index.php\/wp-json\/wp\/v2\/media?parent=10784"}],"wp:term":[{"taxonomy":"category","embeddable":true,"href":"https:\/\/antam.ovh\/index.php\/wp-json\/wp\/v2\/categories?post=10784"},{"taxonomy":"post_tag","embeddable":true,"href":"https:\/\/antam.ovh\/index.php\/wp-json\/wp\/v2\/tags?post=10784"}],"curies":[{"name":"wp","href":"https:\/\/api.w.org\/{rel}","templated":true}]}}