{"id":11013,"date":"2024-06-09T19:28:04","date_gmt":"2024-06-09T17:28:04","guid":{"rendered":"http:\/\/antam.ovh\/?p=11013"},"modified":"2024-06-09T19:28:34","modified_gmt":"2024-06-09T17:28:34","slug":"in-memoriam-genevieve-de-galard","status":"publish","type":"post","link":"https:\/\/antam.ovh\/index.php\/2024\/06\/09\/in-memoriam-genevieve-de-galard\/","title":{"rendered":"In memoriam Genevi\u00e8ve de Galard"},"content":{"rendered":"\t\t<div data-elementor-type=\"wp-post\" data-elementor-id=\"11013\" class=\"elementor elementor-11013\">\n\t\t\t\t\t\t<section class=\"elementor-section elementor-top-section elementor-element elementor-element-bd76773 elementor-section-boxed elementor-section-height-default elementor-section-height-default\" data-id=\"bd76773\" data-element_type=\"section\">\n\t\t\t\t\t\t<div class=\"elementor-container elementor-column-gap-default\">\n\t\t\t\t\t<div class=\"elementor-column elementor-col-100 elementor-top-column elementor-element elementor-element-758d0d7\" data-id=\"758d0d7\" data-element_type=\"column\">\n\t\t\t<div class=\"elementor-widget-wrap elementor-element-populated\">\n\t\t\t\t\t\t<div class=\"elementor-element elementor-element-0f89cbf elementor-widget elementor-widget-heading\" data-id=\"0f89cbf\" data-element_type=\"widget\" data-widget_type=\"heading.default\">\n\t\t\t\t<div class=\"elementor-widget-container\">\n\t\t\t<h2 class=\"elementor-heading-title elementor-size-default\">In memoriam Genevi\u00e8ve de Galard \u00ab l'ange de Di\u00ean Bi\u00ean Phu \u00bb<\/h2>\t\t<\/div>\n\t\t\t\t<\/div>\n\t\t\t\t\t<\/div>\n\t\t<\/div>\n\t\t\t\t\t<\/div>\n\t\t<\/section>\n\t\t\t\t<section class=\"elementor-section elementor-top-section elementor-element elementor-element-8db49bc elementor-section-boxed elementor-section-height-default elementor-section-height-default\" data-id=\"8db49bc\" data-element_type=\"section\">\n\t\t\t\t\t\t<div class=\"elementor-container elementor-column-gap-default\">\n\t\t\t\t\t<div class=\"elementor-column elementor-col-100 elementor-top-column elementor-element elementor-element-d4811cb\" data-id=\"d4811cb\" data-element_type=\"column\">\n\t\t\t<div class=\"elementor-widget-wrap elementor-element-populated\">\n\t\t\t\t\t\t<div class=\"elementor-element elementor-element-33cf6ba elementor-widget elementor-widget-image\" data-id=\"33cf6ba\" data-element_type=\"widget\" data-widget_type=\"image.default\">\n\t\t\t\t<div class=\"elementor-widget-container\">\n\t\t\t\t\t\t\t\t\t\t\t\t\t\t<a href=\"https:\/\/youtu.be\/EooOoVjFE_U?si=Jeh5kx4bMEm5GjUg\">\n\t\t\t\t\t\t\t<img fetchpriority=\"high\" decoding=\"async\" width=\"900\" height=\"602\" src=\"https:\/\/antam.ovh\/wp-content\/uploads\/2024\/06\/genevieve2.jpeg\" class=\"attachment-large size-large wp-image-11015\" alt=\"\" srcset=\"https:\/\/antam.ovh\/wp-content\/uploads\/2024\/06\/genevieve2.jpeg 900w, https:\/\/antam.ovh\/wp-content\/uploads\/2024\/06\/genevieve2-300x201.jpeg 300w, https:\/\/antam.ovh\/wp-content\/uploads\/2024\/06\/genevieve2-768x514.jpeg 768w\" sizes=\"(max-width: 900px) 100vw, 900px\" \/>\t\t\t\t\t\t\t\t<\/a>\n\t\t\t\t\t\t\t\t\t\t\t\t\t<\/div>\n\t\t\t\t<\/div>\n\t\t\t\t\t<\/div>\n\t\t<\/div>\n\t\t\t\t\t<\/div>\n\t\t<\/section>\n\t\t\t\t<section class=\"elementor-section elementor-top-section elementor-element elementor-element-9637979 elementor-section-boxed elementor-section-height-default elementor-section-height-default\" data-id=\"9637979\" data-element_type=\"section\">\n\t\t\t\t\t\t<div class=\"elementor-container elementor-column-gap-default\">\n\t\t\t\t\t<div class=\"elementor-column elementor-col-100 elementor-top-column elementor-element elementor-element-362ea2f\" data-id=\"362ea2f\" data-element_type=\"column\">\n\t\t\t<div class=\"elementor-widget-wrap elementor-element-populated\">\n\t\t\t\t\t\t<div class=\"elementor-element elementor-element-bdae635 elementor-widget elementor-widget-text-editor\" data-id=\"bdae635\" data-element_type=\"widget\" data-widget_type=\"text-editor.default\">\n\t\t\t\t<div class=\"elementor-widget-container\">\n\t\t\t\t\t\t\t<p><b>Message du Pr\u00e9sident de l&rsquo;ANTAM.<\/b><\/p><p>Chers membres de l\u2019ANTAM<\/p><p><a href=\"https:\/\/youtu.be\/JYf0HBYjbCc?si=EmmrKRxOwojSehw8\">\u00ab L\u2019ange de Di\u00ean Bi\u00ean Phu \u00bb<\/a> nous a quitt\u00e9 ; \u00a0<a href=\"https:\/\/youtu.be\/-XnKRb8ZRWQ?si=FZ4KqQ0BPbmT9SSS\">Madame Genevi\u00e8ve de Galard<\/a> a pris son dernier envol jeudi 30 mai, \u00e0 l\u2019\u00e2ge de 99 ans.<\/p><p>Apr\u00e8s son dipl\u00f4me d\u2019infirmi\u00e8re, elle int\u00e8gre l\u2019Arm\u00e9e de l\u2019air en 52 comme convoyeuse de l\u2019air. Elle rejoint l\u2019Indochine \u00e0 sa demande en mai 53, en plein conflit contre les forces du Vietminh. Stationn\u00e9e \u00e0 Hano\u00ef, <a href=\"https:\/\/youtu.be\/89fDHMxT5bw?si=eTwfxI6RNodZ_hZr\">elle r\u00e9alise des \u00e9vacuations sanitaires<\/a> par avion, en particulier sur Di\u00ean Bi\u00ean Phu d\u00e8s janvier 54. \u00a0Le 28 mars, lors d\u2019une mission d\u2019\u00e9vacuation, elle se retrouve bloqu\u00e9e dans la cuvette par la destruction de son avion et de la piste d\u2019atterrissage par l\u2019artillerie vietminh. Elle sert alors avec courage et une tr\u00e8s grande abn\u00e9gation comme infirmi\u00e8re dans l\u2019h\u00f4pital de campagne du camp retranch\u00e9, soignant et r\u00e9confortant bless\u00e9s et mourants. Le 29 avril 1954, Genevi\u00e8ve de Galard est faite Chevalier de la L\u00e9gion d&rsquo;honneur et d\u00e9cor\u00e9e de la Croix de guerre des th\u00e9\u00e2tres d&rsquo;op\u00e9rations ext\u00e9rieures par le commandant du camp retranch\u00e9 de Di\u00ean Bi\u00ean Phu, le G\u00e9n\u00e9ral de Castries avec la citation suivante :<\/p><p>\u00ab A suscit\u00e9 l\u2019admiration de tous par son courage tranquille et son d\u00e9vouement souriant. D\u2019une comp\u00e9tence professionnelle hors pair et d\u2019un moral \u00e0 toute \u00e9preuve, elle fut une auxiliaire pr\u00e9cieuse pour les chirurgiens et contribua \u00e0 sauver de nombreuses vies humaines. Restera pour les combattants de Di\u00ean Bi\u00ean Phu, la plus pure incarnation des vertus h\u00e9ro\u00efques de l\u2019infirmi\u00e8re fran\u00e7aise. \u00bb<\/p><p><a href=\"https:\/\/youtu.be\/suh0bTfoN3M?si=SsGrKo5m7hB8wW2q\">Le 7 mai 54, les troupes fran\u00e7aises du camp retranch\u00e9 cessent le combat.<\/a> Prisonni\u00e8re, elle continue de soigner les bless\u00e9s avec le personnel m\u00e9dical. Le 24 mai, elle est \u00e9vacu\u00e9e vers Hano\u00ef, apr\u00e8s avoir attendu que les bless\u00e9s graves soient \u00e9vacu\u00e9s.<\/p><p>Elle rentre en France d\u00e9but juin, fait la une des m\u00e9dia, est ovationn\u00e9e par des foules et re\u00e7ue par les chefs d\u2019Etat en France comme aux Etats-Unis. Elle reprendra un temps son poste de convoyeuse puis rejoindra le centre de r\u00e9\u00e9ducation des grands bless\u00e9s des Invalides. Elle \u00e9pouse le capitaine Jean de Heaulme en juin 56 et ils auront 3 enfants.<\/p><p>Elle est Grand-croix de la L\u00e9gion d&rsquo;honneur, Grande offici\u00e8re de l&rsquo;ordre national du M\u00e9rite, titulaire de la M\u00e9daille de l&rsquo;A\u00e9ronautique, de la M\u00e9daille d&rsquo;honneur du service de sant\u00e9 des arm\u00e9es, de la M\u00e9daille de la Libert\u00e9 (USA) et de la M\u00e9daille d&rsquo;honneur de la Croix-Rouge fran\u00e7aise.<\/p><p>Le jeudi 6 juin 2024, une messe sera c\u00e9l\u00e9br\u00e9e \u00e0 10 heures \u00e0 St Andr\u00e9 (31420). Vendredi 7 juin 2024, un hommage national lui sera rendu aux Invalides \u00e0 Paris (messe \u00e0 14 heures puis c\u00e9r\u00e9monie \u00e0 15h30). Elle sera ensuite inhum\u00e9e au cimeti\u00e8re du P\u00e8re Lachaise.<\/p><p>Les coordonn\u00e9es de son mari, le Colonel de Heaulme, centenaire, sont : Maison de Retraite Saint Michel &#8211; All\u00e9e Jules Guesde &#8211; 31000 Toulouse. Celles de son fils ain\u00e9 : Monsieur de Heaulme Fran\u00e7ois \u2013 ESBATS &#8211; 315 Impasse Esbats &#8211; 31420 Saint Andr\u00e9.\u00a0<\/p>\t\t\t\t\t\t<\/div>\n\t\t\t\t<\/div>\n\t\t\t\t\t<\/div>\n\t\t<\/div>\n\t\t\t\t\t<\/div>\n\t\t<\/section>\n\t\t\t\t<section class=\"elementor-section elementor-top-section elementor-element elementor-element-1f37336 elementor-section-boxed elementor-section-height-default elementor-section-height-default\" data-id=\"1f37336\" data-element_type=\"section\">\n\t\t\t\t\t\t<div class=\"elementor-container elementor-column-gap-default\">\n\t\t\t\t\t<div class=\"elementor-column elementor-col-50 elementor-top-column elementor-element elementor-element-fcaf5f1\" data-id=\"fcaf5f1\" data-element_type=\"column\">\n\t\t\t<div class=\"elementor-widget-wrap elementor-element-populated\">\n\t\t\t\t\t\t<div class=\"elementor-element elementor-element-cad864b elementor-widget elementor-widget-image\" data-id=\"cad864b\" data-element_type=\"widget\" data-widget_type=\"image.default\">\n\t\t\t\t<div class=\"elementor-widget-container\">\n\t\t\t\t\t\t\t\t\t\t\t\t\t<img decoding=\"async\" width=\"400\" height=\"375\" src=\"https:\/\/antam.ovh\/wp-content\/uploads\/2024\/06\/genevieve1.png\" class=\"attachment-large size-large wp-image-11016\" alt=\"\" srcset=\"https:\/\/antam.ovh\/wp-content\/uploads\/2024\/06\/genevieve1.png 400w, https:\/\/antam.ovh\/wp-content\/uploads\/2024\/06\/genevieve1-300x281.png 300w\" sizes=\"(max-width: 400px) 100vw, 400px\" \/>\t\t\t\t\t\t\t\t\t\t\t\t\t<\/div>\n\t\t\t\t<\/div>\n\t\t\t\t\t<\/div>\n\t\t<\/div>\n\t\t\t\t<div class=\"elementor-column elementor-col-50 elementor-top-column elementor-element elementor-element-95c43dd\" data-id=\"95c43dd\" data-element_type=\"column\">\n\t\t\t<div class=\"elementor-widget-wrap elementor-element-populated\">\n\t\t\t\t\t\t<div class=\"elementor-element elementor-element-c63c2b0 elementor-widget elementor-widget-image\" data-id=\"c63c2b0\" data-element_type=\"widget\" data-widget_type=\"image.default\">\n\t\t\t\t<div class=\"elementor-widget-container\">\n\t\t\t\t\t\t\t\t\t\t\t\t\t<img decoding=\"async\" width=\"400\" height=\"690\" src=\"https:\/\/antam.ovh\/wp-content\/uploads\/2024\/06\/genevieve3.jpeg\" class=\"attachment-large size-large wp-image-11017\" alt=\"\" srcset=\"https:\/\/antam.ovh\/wp-content\/uploads\/2024\/06\/genevieve3.jpeg 400w, https:\/\/antam.ovh\/wp-content\/uploads\/2024\/06\/genevieve3-174x300.jpeg 174w\" sizes=\"(max-width: 400px) 100vw, 400px\" \/>\t\t\t\t\t\t\t\t\t\t\t\t\t<\/div>\n\t\t\t\t<\/div>\n\t\t\t\t\t<\/div>\n\t\t<\/div>\n\t\t\t\t\t<\/div>\n\t\t<\/section>\n\t\t\t\t<\/div>\n\t\t","protected":false},"excerpt":{"rendered":"<p>In memoriam Genevi\u00e8ve de Galard \u00ab l&rsquo;ange de Di\u00ean Bi\u00ean Phu \u00bb Message du Pr\u00e9sident de l&rsquo;ANTAM. Chers membres de l\u2019ANTAM \u00ab L\u2019ange de Di\u00ean Bi\u00ean Phu \u00bb nous a quitt\u00e9 ; \u00a0Madame Genevi\u00e8ve de Galard a pris son dernier envol jeudi 30 mai, \u00e0 l\u2019\u00e2ge de 99 ans. Apr\u00e8s son dipl\u00f4me d\u2019infirmi\u00e8re, elle int\u00e8gre [&hellip;]<\/p>\n","protected":false},"author":676,"featured_media":0,"comment_status":"closed","ping_status":"closed","sticky":false,"template":"","format":"standard","meta":[],"categories":[15],"tags":[],"_links":{"self":[{"href":"https:\/\/antam.ovh\/index.php\/wp-json\/wp\/v2\/posts\/11013"}],"collection":[{"href":"https:\/\/antam.ovh\/index.php\/wp-json\/wp\/v2\/posts"}],"about":[{"href":"https:\/\/antam.ovh\/index.php\/wp-json\/wp\/v2\/types\/post"}],"author":[{"embeddable":true,"href":"https:\/\/antam.ovh\/index.php\/wp-json\/wp\/v2\/users\/676"}],"replies":[{"embeddable":true,"href":"https:\/\/antam.ovh\/index.php\/wp-json\/wp\/v2\/comments?post=11013"}],"version-history":[{"count":4,"href":"https:\/\/antam.ovh\/index.php\/wp-json\/wp\/v2\/posts\/11013\/revisions"}],"predecessor-version":[{"id":11020,"href":"https:\/\/antam.ovh\/index.php\/wp-json\/wp\/v2\/posts\/11013\/revisions\/11020"}],"wp:attachment":[{"href":"https:\/\/antam.ovh\/index.php\/wp-json\/wp\/v2\/media?parent=11013"}],"wp:term":[{"taxonomy":"category","embeddable":true,"href":"https:\/\/antam.ovh\/index.php\/wp-json\/wp\/v2\/categories?post=11013"},{"taxonomy":"post_tag","embeddable":true,"href":"https:\/\/antam.ovh\/index.php\/wp-json\/wp\/v2\/tags?post=11013"}],"curies":[{"name":"wp","href":"https:\/\/api.w.org\/{rel}","templated":true}]}}