{"id":11117,"date":"2024-06-30T09:55:57","date_gmt":"2024-06-30T07:55:57","guid":{"rendered":"http:\/\/antam.ovh\/?p=11117"},"modified":"2024-06-30T10:03:19","modified_gmt":"2024-06-30T08:03:19","slug":"commemoration-accident-du-noratlas-143-le-06-septembre-1974","status":"publish","type":"post","link":"https:\/\/antam.ovh\/index.php\/2024\/06\/30\/commemoration-accident-du-noratlas-143-le-06-septembre-1974\/","title":{"rendered":"Comm\u00e9moration (accident du Noratlas 143 le 06 septembre 1974)"},"content":{"rendered":"\t\t<div data-elementor-type=\"wp-post\" data-elementor-id=\"11117\" class=\"elementor elementor-11117\">\n\t\t\t\t\t\t<section class=\"elementor-section elementor-top-section elementor-element elementor-element-fb81866 elementor-section-height-min-height elementor-section-boxed elementor-section-height-default elementor-section-items-middle\" data-id=\"fb81866\" data-element_type=\"section\" data-settings=\"{&quot;background_background&quot;:&quot;classic&quot;}\">\n\t\t\t\t\t\t\t<div class=\"elementor-background-overlay\"><\/div>\n\t\t\t\t\t\t\t<div class=\"elementor-container elementor-column-gap-default\">\n\t\t\t\t\t<div class=\"elementor-column elementor-col-100 elementor-top-column elementor-element elementor-element-c285fbd\" data-id=\"c285fbd\" data-element_type=\"column\">\n\t\t\t<div class=\"elementor-widget-wrap elementor-element-populated\">\n\t\t\t\t\t\t<div class=\"elementor-element elementor-element-7716091 elementor-widget elementor-widget-text-editor\" data-id=\"7716091\" data-element_type=\"widget\" data-widget_type=\"text-editor.default\">\n\t\t\t\t<div class=\"elementor-widget-container\">\n\t\t\t\t\t\t\t<h1 style=\"text-align: center;\"><span style=\"color: #ffffff;\">Comm\u00e9moration<\/span><\/h1>\t\t\t\t\t\t<\/div>\n\t\t\t\t<\/div>\n\t\t\t\t\t<\/div>\n\t\t<\/div>\n\t\t\t\t\t<\/div>\n\t\t<\/section>\n\t\t\t\t<section class=\"elementor-section elementor-top-section elementor-element elementor-element-b62ca84 elementor-section-boxed elementor-section-height-default elementor-section-height-default\" data-id=\"b62ca84\" data-element_type=\"section\">\n\t\t\t\t\t\t<div class=\"elementor-container elementor-column-gap-default\">\n\t\t\t\t\t<div class=\"elementor-column elementor-col-100 elementor-top-column elementor-element elementor-element-e3a5eca\" data-id=\"e3a5eca\" data-element_type=\"column\">\n\t\t\t<div class=\"elementor-widget-wrap elementor-element-populated\">\n\t\t\t\t\t\t<div class=\"elementor-element elementor-element-818d9aa elementor-widget elementor-widget-text-editor\" data-id=\"818d9aa\" data-element_type=\"widget\" data-widget_type=\"text-editor.default\">\n\t\t\t\t<div class=\"elementor-widget-container\">\n\t\t\t\t\t\t\t<p>\u00ab\u00a02024 marque les 50 ans du crash d&rsquo;un Nord 2501 de l&rsquo;escadron 1\/62 Vercors. En effet, le 06 septembre 1974, le Noratlas n\u00b043, de retour d&rsquo;Italie \u00e0 la suite d&rsquo;une mission au profit d&rsquo;Air France, s&rsquo;\u00e9crase en Corse avec \u00e0 son bord les 4 membres d&rsquo;\u00e9quipage du Vercors: le CDT Yvon Musetta, le CNE Jean Bombes de Villiers, l&rsquo;ADC Albert Rougies et le SGT Patrick Stefen.<\/p><p>\u00a0<\/p><p>Afin de comm\u00e9morer ce drame, l&rsquo;escadron Vercors, en collaboration avec l&rsquo;antenne corse de l&rsquo;ANORAAE, souhaite organiser une c\u00e9r\u00e9monie qui aura lieu le 06 septembre 2024. Nous esp\u00e9rons pouvoir organiser la comm\u00e9moration sur les lieux du crash. Celui-ci se trouvant en montagne, nous sommes en discussion avec la base a\u00e9rienne de Solenzara afin qu&rsquo;un h\u00e9licopt\u00e8re soit mis \u00e0 disposition pour assurer la mise en place du personnel sur le site. En fonction du nombre de places offertes par l&rsquo;h\u00e9licopt\u00e8re, nous souhaiterions proposer \u00e0 des membres de l&rsquo;ANTAM ayant connu les membres d&rsquo;\u00e9quipage ou ayant fait partie du Vercors \u00e0 cette \u00e9poque de se joindre \u00e0 nous pour la c\u00e9r\u00e9monie. La mise en place \u00e0 Solenzara se ferait vraisemblablement depuis Evreux en Casa CN-235 le matin du 06 septembre, avec un retour dans la soir\u00e9e. La pr\u00e9sence de nos anciens lors de cette journ\u00e9e signifierait beaucoup pour nous et permettrait un beau moment d&rsquo;\u00e9change et de transmission.<\/p><p>\u00a0<\/p><p>Si vous avez des questions concernant ce projet, je suis \u00e0 votre disposition sur mon mail professionnel : jean.zyla@intradef.gouv.fr<\/p><p>\u00a0<\/p><p>Respectueusement,\u00a0\u00bb<\/p><p>\u00a0<\/p><p>CNE JEAN ZYLA<\/p><p>Cellule Traditions<\/p><p>Escadron de Transport 1\/62 \u00ab Vercors \u00bb<\/p>\t\t\t\t\t\t<\/div>\n\t\t\t\t<\/div>\n\t\t\t\t\t<\/div>\n\t\t<\/div>\n\t\t\t\t\t<\/div>\n\t\t<\/section>\n\t\t\t\t<\/div>\n\t\t","protected":false},"excerpt":{"rendered":"<p>Comm\u00e9moration \u00ab\u00a02024 marque les 50 ans du crash d&rsquo;un Nord 2501 de l&rsquo;escadron 1\/62 Vercors. En effet, le 06 septembre 1974, le Noratlas n\u00b043, de retour d&rsquo;Italie \u00e0 la suite d&rsquo;une mission au profit d&rsquo;Air France, s&rsquo;\u00e9crase en Corse avec \u00e0 son bord les 4 membres d&rsquo;\u00e9quipage du Vercors: le CDT Yvon Musetta, le CNE [&hellip;]<\/p>\n","protected":false},"author":676,"featured_media":0,"comment_status":"closed","ping_status":"closed","sticky":false,"template":"","format":"standard","meta":[],"categories":[15],"tags":[],"_links":{"self":[{"href":"https:\/\/antam.ovh\/index.php\/wp-json\/wp\/v2\/posts\/11117"}],"collection":[{"href":"https:\/\/antam.ovh\/index.php\/wp-json\/wp\/v2\/posts"}],"about":[{"href":"https:\/\/antam.ovh\/index.php\/wp-json\/wp\/v2\/types\/post"}],"author":[{"embeddable":true,"href":"https:\/\/antam.ovh\/index.php\/wp-json\/wp\/v2\/users\/676"}],"replies":[{"embeddable":true,"href":"https:\/\/antam.ovh\/index.php\/wp-json\/wp\/v2\/comments?post=11117"}],"version-history":[{"count":7,"href":"https:\/\/antam.ovh\/index.php\/wp-json\/wp\/v2\/posts\/11117\/revisions"}],"predecessor-version":[{"id":11124,"href":"https:\/\/antam.ovh\/index.php\/wp-json\/wp\/v2\/posts\/11117\/revisions\/11124"}],"wp:attachment":[{"href":"https:\/\/antam.ovh\/index.php\/wp-json\/wp\/v2\/media?parent=11117"}],"wp:term":[{"taxonomy":"category","embeddable":true,"href":"https:\/\/antam.ovh\/index.php\/wp-json\/wp\/v2\/categories?post=11117"},{"taxonomy":"post_tag","embeddable":true,"href":"https:\/\/antam.ovh\/index.php\/wp-json\/wp\/v2\/tags?post=11117"}],"curies":[{"name":"wp","href":"https:\/\/api.w.org\/{rel}","templated":true}]}}