{"id":11445,"date":"2024-11-02T15:25:15","date_gmt":"2024-11-02T14:25:15","guid":{"rendered":"http:\/\/antam.ovh\/?p=11445"},"modified":"2024-11-16T11:51:36","modified_gmt":"2024-11-16T10:51:36","slug":"antam-info-n69-allez-plus-loin","status":"publish","type":"post","link":"https:\/\/antam.ovh\/index.php\/2024\/11\/02\/antam-info-n69-allez-plus-loin\/","title":{"rendered":"ANTAM info n\u00b069, allez plus loin"},"content":{"rendered":"\t\t<div data-elementor-type=\"wp-post\" data-elementor-id=\"11445\" class=\"elementor elementor-11445\">\n\t\t\t\t\t\t<section class=\"elementor-section elementor-top-section elementor-element elementor-element-94aa750 elementor-section-boxed elementor-section-height-default elementor-section-height-default\" data-id=\"94aa750\" data-element_type=\"section\">\n\t\t\t\t\t\t<div class=\"elementor-container elementor-column-gap-default\">\n\t\t\t\t\t<div class=\"elementor-column elementor-col-100 elementor-top-column elementor-element elementor-element-469f576\" data-id=\"469f576\" data-element_type=\"column\">\n\t\t\t<div class=\"elementor-widget-wrap elementor-element-populated\">\n\t\t\t\t\t\t<div class=\"elementor-element elementor-element-9bba8df elementor-widget elementor-widget-heading\" data-id=\"9bba8df\" data-element_type=\"widget\" data-widget_type=\"heading.default\">\n\t\t\t\t<div class=\"elementor-widget-container\">\n\t\t\t<h2 class=\"elementor-heading-title elementor-size-default\">ANTAM info n\u00b069, allez un peu plus loin<\/h2>\t\t<\/div>\n\t\t\t\t<\/div>\n\t\t\t\t\t<\/div>\n\t\t<\/div>\n\t\t\t\t\t<\/div>\n\t\t<\/section>\n\t\t\t\t<section class=\"elementor-section elementor-top-section elementor-element elementor-element-b98e1fe elementor-section-boxed elementor-section-height-default elementor-section-height-default\" data-id=\"b98e1fe\" data-element_type=\"section\">\n\t\t\t\t\t\t<div class=\"elementor-container elementor-column-gap-default\">\n\t\t\t\t\t<div class=\"elementor-column elementor-col-100 elementor-top-column elementor-element elementor-element-ba604a3\" data-id=\"ba604a3\" data-element_type=\"column\">\n\t\t\t<div class=\"elementor-widget-wrap elementor-element-populated\">\n\t\t\t\t\t\t<div class=\"elementor-element elementor-element-6e45208 elementor-widget elementor-widget-text-editor\" data-id=\"6e45208\" data-element_type=\"widget\" data-widget_type=\"text-editor.default\">\n\t\t\t\t<div class=\"elementor-widget-container\">\n\t\t\t\t\t\t\t<p>Les quelques vid\u00e9os ci-dessous ont \u00e9t\u00e9 s\u00e9lectionn\u00e9es pour vous permettre d&rsquo;aller un peu plus loin apr\u00e8s la lecture d&rsquo;ANTAM info.<\/p><p>Celles et ceux int\u00e9ress\u00e9s par les faits historiques se r\u00e9galeront de la richesse de ces reportages qui ne manquent pas de rappeler les origines du transport a\u00e9rien militaire (TAM) et toute son importance dans les op\u00e9rations militaires.<\/p><p>Bon visionnage.<\/p><p>Vive le TAM.<\/p>\t\t\t\t\t\t<\/div>\n\t\t\t\t<\/div>\n\t\t\t\t\t<\/div>\n\t\t<\/div>\n\t\t\t\t\t<\/div>\n\t\t<\/section>\n\t\t\t\t<section class=\"elementor-section elementor-top-section elementor-element elementor-element-ac4b9d0 elementor-section-height-min-height elementor-section-boxed elementor-section-height-default elementor-section-items-middle\" data-id=\"ac4b9d0\" data-element_type=\"section\" data-settings=\"{&quot;background_background&quot;:&quot;classic&quot;}\">\n\t\t\t\t\t\t\t<div class=\"elementor-background-overlay\"><\/div>\n\t\t\t\t\t\t\t<div class=\"elementor-container elementor-column-gap-default\">\n\t\t\t\t\t<div class=\"elementor-column elementor-col-100 elementor-top-column elementor-element elementor-element-309b07b\" data-id=\"309b07b\" data-element_type=\"column\">\n\t\t\t<div class=\"elementor-widget-wrap elementor-element-populated\">\n\t\t\t\t\t\t<div class=\"elementor-element elementor-element-50b27e5 elementor-widget elementor-widget-text-editor\" data-id=\"50b27e5\" data-element_type=\"widget\" data-widget_type=\"text-editor.default\">\n\t\t\t\t<div class=\"elementor-widget-container\">\n\t\t\t\t\t\t\t<p style=\"text-align: center;\"><a href=\"https:\/\/youtu.be\/40OKllOC6x0?si=Yge5rU3Ve_hayElF\"><span style=\"color: #ffffff;\">5 ao\u00fbt 1944, les Alli\u00e9s lancent un deuxi\u00e8me d\u00e9barquement en France. Nom de code : Dragoon. Lieu : La Provence. Objectif : conqu\u00e9rir les ports de Toulon et de Marseille puis remonter vers le Nord et vaincre l&rsquo;Allemagne nazie. Pour la premi\u00e8re fois depuis la d\u00e9faite de 1940, une arm\u00e9e fran\u00e7aise va se battre sur le sol national&#8230;<\/span><\/a><\/p>\t\t\t\t\t\t<\/div>\n\t\t\t\t<\/div>\n\t\t\t\t\t<\/div>\n\t\t<\/div>\n\t\t\t\t\t<\/div>\n\t\t<\/section>\n\t\t\t\t<section class=\"elementor-section elementor-top-section elementor-element elementor-element-4fc0f42 elementor-section-boxed elementor-section-height-default elementor-section-height-default\" data-id=\"4fc0f42\" data-element_type=\"section\" data-settings=\"{&quot;background_background&quot;:&quot;classic&quot;}\">\n\t\t\t\t\t\t<div class=\"elementor-container elementor-column-gap-default\">\n\t\t\t\t\t<div class=\"elementor-column elementor-col-100 elementor-top-column elementor-element elementor-element-06a1d44\" data-id=\"06a1d44\" data-element_type=\"column\">\n\t\t\t<div class=\"elementor-widget-wrap elementor-element-populated\">\n\t\t\t\t\t\t<div class=\"elementor-element elementor-element-7501c88 elementor-widget elementor-widget-spacer\" data-id=\"7501c88\" data-element_type=\"widget\" data-widget_type=\"spacer.default\">\n\t\t\t\t<div class=\"elementor-widget-container\">\n\t\t\t\t\t<div class=\"elementor-spacer\">\n\t\t\t<div class=\"elementor-spacer-inner\"><\/div>\n\t\t<\/div>\n\t\t\t\t<\/div>\n\t\t\t\t<\/div>\n\t\t\t\t\t<\/div>\n\t\t<\/div>\n\t\t\t\t\t<\/div>\n\t\t<\/section>\n\t\t\t\t<section class=\"elementor-section elementor-top-section elementor-element elementor-element-a85a3c8 elementor-section-height-min-height elementor-section-boxed elementor-section-height-default elementor-section-items-middle\" data-id=\"a85a3c8\" data-element_type=\"section\" data-settings=\"{&quot;background_background&quot;:&quot;classic&quot;}\">\n\t\t\t\t\t\t\t<div class=\"elementor-background-overlay\"><\/div>\n\t\t\t\t\t\t\t<div class=\"elementor-container elementor-column-gap-default\">\n\t\t\t\t\t<div class=\"elementor-column elementor-col-100 elementor-top-column elementor-element elementor-element-9c0cb85\" data-id=\"9c0cb85\" data-element_type=\"column\">\n\t\t\t<div class=\"elementor-widget-wrap elementor-element-populated\">\n\t\t\t\t\t\t<div class=\"elementor-element elementor-element-a73cfc9 elementor-widget elementor-widget-text-editor\" data-id=\"a73cfc9\" data-element_type=\"widget\" data-widget_type=\"text-editor.default\">\n\t\t\t\t<div class=\"elementor-widget-container\">\n\t\t\t\t\t\t\t<p style=\"text-align: center;\"><a href=\"https:\/\/youtu.be\/Y6ScRGIEt6o?si=cs9mg09Y21aHe9Bw\"><span style=\"color: #ffffff;\">Nous allons maintenant rendre hommage aux h\u00e9ros d\u2019ao\u00fbt 44. Savez-vous que le d\u00e9barquement en Provence a eu lieu en planeur ? C\u2019est une page d\u2019histoire m\u00e9connue, o\u00f9 la m\u00e9t\u00e9o a jou\u00e9 un r\u00f4le crucial\u2026 Nous vous proposons de revivre cet assaut a\u00e9rien\u2026<\/span><\/a><\/p>\t\t\t\t\t\t<\/div>\n\t\t\t\t<\/div>\n\t\t\t\t\t<\/div>\n\t\t<\/div>\n\t\t\t\t\t<\/div>\n\t\t<\/section>\n\t\t\t\t<section class=\"elementor-section elementor-top-section elementor-element elementor-element-90ca95c elementor-section-boxed elementor-section-height-default elementor-section-height-default\" data-id=\"90ca95c\" data-element_type=\"section\">\n\t\t\t\t\t\t<div class=\"elementor-container elementor-column-gap-default\">\n\t\t\t\t\t<div class=\"elementor-column elementor-col-100 elementor-top-column elementor-element elementor-element-895e18f\" data-id=\"895e18f\" data-element_type=\"column\">\n\t\t\t<div class=\"elementor-widget-wrap elementor-element-populated\">\n\t\t\t\t\t\t<div class=\"elementor-element elementor-element-ffc640a elementor-widget elementor-widget-spacer\" data-id=\"ffc640a\" data-element_type=\"widget\" data-widget_type=\"spacer.default\">\n\t\t\t\t<div class=\"elementor-widget-container\">\n\t\t\t\t\t<div class=\"elementor-spacer\">\n\t\t\t<div class=\"elementor-spacer-inner\"><\/div>\n\t\t<\/div>\n\t\t\t\t<\/div>\n\t\t\t\t<\/div>\n\t\t\t\t\t<\/div>\n\t\t<\/div>\n\t\t\t\t\t<\/div>\n\t\t<\/section>\n\t\t\t\t<section class=\"elementor-section elementor-top-section elementor-element elementor-element-f1dd923 elementor-section-height-min-height elementor-section-boxed elementor-section-height-default elementor-section-items-middle\" data-id=\"f1dd923\" data-element_type=\"section\" data-settings=\"{&quot;background_background&quot;:&quot;classic&quot;}\">\n\t\t\t\t\t\t<div class=\"elementor-container elementor-column-gap-default\">\n\t\t\t\t\t<div class=\"elementor-column elementor-col-100 elementor-top-column elementor-element elementor-element-4cec4ea\" data-id=\"4cec4ea\" data-element_type=\"column\">\n\t\t\t<div class=\"elementor-widget-wrap elementor-element-populated\">\n\t\t\t\t\t\t<div class=\"elementor-element elementor-element-4869db9 elementor-widget elementor-widget-text-editor\" data-id=\"4869db9\" data-element_type=\"widget\" data-widget_type=\"text-editor.default\">\n\t\t\t\t<div class=\"elementor-widget-container\">\n\t\t\t\t\t\t\t<p style=\"text-align: center;\"><a href=\"https:\/\/youtu.be\/Z4YJH75kLU8?si=PFwgSGosI_Y55TKu\"><span style=\"color: #ffffff;\">Voici l&rsquo;histoire m\u00e9connue de la r\u00e9ussite d\u2019une colossale op\u00e9ration a\u00e9roport\u00e9e qui a r\u00e9ussi gr\u00e2ce \u00e0 ces gros oiseaux de bois et de toile.<\/span><\/a><\/p>\t\t\t\t\t\t<\/div>\n\t\t\t\t<\/div>\n\t\t\t\t\t<\/div>\n\t\t<\/div>\n\t\t\t\t\t<\/div>\n\t\t<\/section>\n\t\t\t\t<section class=\"elementor-section elementor-top-section elementor-element elementor-element-838a02e elementor-section-boxed elementor-section-height-default elementor-section-height-default\" data-id=\"838a02e\" data-element_type=\"section\">\n\t\t\t\t\t\t<div class=\"elementor-container elementor-column-gap-default\">\n\t\t\t\t\t<div class=\"elementor-column elementor-col-100 elementor-top-column elementor-element elementor-element-b4a7afd\" data-id=\"b4a7afd\" data-element_type=\"column\">\n\t\t\t<div class=\"elementor-widget-wrap elementor-element-populated\">\n\t\t\t\t\t\t<div class=\"elementor-element elementor-element-c079d4e elementor-widget elementor-widget-spacer\" data-id=\"c079d4e\" data-element_type=\"widget\" data-widget_type=\"spacer.default\">\n\t\t\t\t<div class=\"elementor-widget-container\">\n\t\t\t\t\t<div class=\"elementor-spacer\">\n\t\t\t<div class=\"elementor-spacer-inner\"><\/div>\n\t\t<\/div>\n\t\t\t\t<\/div>\n\t\t\t\t<\/div>\n\t\t\t\t\t<\/div>\n\t\t<\/div>\n\t\t\t\t\t<\/div>\n\t\t<\/section>\n\t\t\t\t<section class=\"elementor-section elementor-top-section elementor-element elementor-element-6a324f8 elementor-section-height-min-height elementor-section-boxed elementor-section-height-default elementor-section-items-middle\" data-id=\"6a324f8\" data-element_type=\"section\" data-settings=\"{&quot;background_background&quot;:&quot;classic&quot;}\">\n\t\t\t\t\t\t\t<div class=\"elementor-background-overlay\"><\/div>\n\t\t\t\t\t\t\t<div class=\"elementor-container elementor-column-gap-default\">\n\t\t\t\t\t<div class=\"elementor-column elementor-col-100 elementor-top-column elementor-element elementor-element-7da0c06\" data-id=\"7da0c06\" data-element_type=\"column\">\n\t\t\t<div class=\"elementor-widget-wrap elementor-element-populated\">\n\t\t\t\t\t\t<div class=\"elementor-element elementor-element-4932743 elementor-widget elementor-widget-text-editor\" data-id=\"4932743\" data-element_type=\"widget\" data-widget_type=\"text-editor.default\">\n\t\t\t\t<div class=\"elementor-widget-container\">\n\t\t\t\t\t\t\t<p style=\"text-align: center;\"><a href=\"https:\/\/canal-d.tv\/videos\/parachutistes-et-planeurs-du-15-aout-1944-des-images-choc\/#:~:text=D%25C3%25A9barquement%2520De%2520Provence\"><span style=\"color: #ffffff;\">75 ans apr\u00e8s le d\u00e9barquement de Provence, <strong>Canal-D<\/strong>\u00a0vous propose une s\u00e9lection d\u2019images exceptionnelles sur les parachutistes et les planeurs qui,\u00a0les 14 et 15 ao\u00fbt 1944 se pos\u00e8rent sur la plaine du Muy-La Motte.<\/span> <\/a><\/p>\t\t\t\t\t\t<\/div>\n\t\t\t\t<\/div>\n\t\t\t\t\t<\/div>\n\t\t<\/div>\n\t\t\t\t\t<\/div>\n\t\t<\/section>\n\t\t\t\t<section class=\"elementor-section elementor-top-section elementor-element elementor-element-7c0cebb elementor-section-boxed elementor-section-height-default elementor-section-height-default\" data-id=\"7c0cebb\" data-element_type=\"section\">\n\t\t\t\t\t\t<div class=\"elementor-container elementor-column-gap-default\">\n\t\t\t\t\t<div class=\"elementor-column elementor-col-100 elementor-top-column elementor-element elementor-element-8549430\" data-id=\"8549430\" data-element_type=\"column\">\n\t\t\t<div class=\"elementor-widget-wrap elementor-element-populated\">\n\t\t\t\t\t\t<div class=\"elementor-element elementor-element-4c3d002 elementor-widget elementor-widget-spacer\" data-id=\"4c3d002\" data-element_type=\"widget\" data-widget_type=\"spacer.default\">\n\t\t\t\t<div class=\"elementor-widget-container\">\n\t\t\t\t\t<div class=\"elementor-spacer\">\n\t\t\t<div class=\"elementor-spacer-inner\"><\/div>\n\t\t<\/div>\n\t\t\t\t<\/div>\n\t\t\t\t<\/div>\n\t\t\t\t\t<\/div>\n\t\t<\/div>\n\t\t\t\t\t<\/div>\n\t\t<\/section>\n\t\t\t\t<section class=\"elementor-section elementor-top-section elementor-element elementor-element-11b644d elementor-section-height-min-height elementor-section-boxed elementor-section-height-default elementor-section-items-middle\" data-id=\"11b644d\" data-element_type=\"section\" data-settings=\"{&quot;background_background&quot;:&quot;classic&quot;}\">\n\t\t\t\t\t\t\t<div class=\"elementor-background-overlay\"><\/div>\n\t\t\t\t\t\t\t<div class=\"elementor-container elementor-column-gap-default\">\n\t\t\t\t\t<div class=\"elementor-column elementor-col-100 elementor-top-column elementor-element elementor-element-95e1b74\" data-id=\"95e1b74\" data-element_type=\"column\">\n\t\t\t<div class=\"elementor-widget-wrap elementor-element-populated\">\n\t\t\t\t\t\t<div class=\"elementor-element elementor-element-a8f2f26 elementor-widget elementor-widget-text-editor\" data-id=\"a8f2f26\" data-element_type=\"widget\" data-widget_type=\"text-editor.default\">\n\t\t\t\t<div class=\"elementor-widget-container\">\n\t\t\t\t\t\t\t<p style=\"text-align: center;\"><span style=\"color: #ffffff;\"><a style=\"color: #ffffff;\" href=\"https:\/\/youtu.be\/5J3nl4KMyUQ?si=nn8ForlC_EMxdgc8\">Lieutenant dans la 1re Arm\u00e9e fran\u00e7aise, Pierre Vilars a tout connu pendant la Seconde Guerre mondiale : la d\u00e9b\u00e2cle, la prison, l\u2019exil en Afrique et le D\u00e9barquement de Provence, dont il est, \u00e0 108 ans, l\u2019un des derniers survivants. Un t\u00e9moignage exceptionnel recueilli par notre journaliste Timoth\u00e9e Vilars, son petit-fils. <\/a><\/span><\/p>\t\t\t\t\t\t<\/div>\n\t\t\t\t<\/div>\n\t\t\t\t\t<\/div>\n\t\t<\/div>\n\t\t\t\t\t<\/div>\n\t\t<\/section>\n\t\t\t\t<section class=\"elementor-section elementor-top-section elementor-element elementor-element-0df73da elementor-section-boxed elementor-section-height-default elementor-section-height-default\" data-id=\"0df73da\" data-element_type=\"section\">\n\t\t\t\t\t\t\t<div class=\"elementor-background-overlay\"><\/div>\n\t\t\t\t\t\t\t<div class=\"elementor-container elementor-column-gap-default\">\n\t\t\t\t\t<div class=\"elementor-column elementor-col-100 elementor-top-column elementor-element elementor-element-c748192\" data-id=\"c748192\" data-element_type=\"column\">\n\t\t\t<div class=\"elementor-widget-wrap elementor-element-populated\">\n\t\t\t\t\t\t<div class=\"elementor-element elementor-element-55054e5 elementor-widget elementor-widget-spacer\" data-id=\"55054e5\" data-element_type=\"widget\" data-widget_type=\"spacer.default\">\n\t\t\t\t<div class=\"elementor-widget-container\">\n\t\t\t\t\t<div class=\"elementor-spacer\">\n\t\t\t<div class=\"elementor-spacer-inner\"><\/div>\n\t\t<\/div>\n\t\t\t\t<\/div>\n\t\t\t\t<\/div>\n\t\t\t\t\t<\/div>\n\t\t<\/div>\n\t\t\t\t\t<\/div>\n\t\t<\/section>\n\t\t\t\t<section class=\"elementor-section elementor-top-section elementor-element elementor-element-c6134a7 elementor-section-height-min-height elementor-section-boxed elementor-section-height-default elementor-section-items-middle\" data-id=\"c6134a7\" data-element_type=\"section\" data-settings=\"{&quot;background_background&quot;:&quot;classic&quot;}\">\n\t\t\t\t\t\t\t<div class=\"elementor-background-overlay\"><\/div>\n\t\t\t\t\t\t\t<div class=\"elementor-container elementor-column-gap-default\">\n\t\t\t\t\t<div class=\"elementor-column elementor-col-100 elementor-top-column elementor-element elementor-element-1adfe5e\" data-id=\"1adfe5e\" data-element_type=\"column\">\n\t\t\t<div class=\"elementor-widget-wrap elementor-element-populated\">\n\t\t\t\t\t\t<div class=\"elementor-element elementor-element-584e5ff elementor-widget elementor-widget-text-editor\" data-id=\"584e5ff\" data-element_type=\"widget\" data-widget_type=\"text-editor.default\">\n\t\t\t\t<div class=\"elementor-widget-container\">\n\t\t\t\t\t\t\t<p style=\"text-align: center;\"><span style=\"color: #ffffff;\"><a style=\"color: #ffffff;\" href=\"https:\/\/youtu.be\/D9h_485jlzk?si=Jx9pqn1VOQ0uhRyG\">\u00c0 J+1 apr\u00e8s le d\u00e9but du d\u00e9barquement en Normandie, tous les mouvements de r\u00e9sistants en Provence prennent les armes pour pr\u00e9parer le second d\u00e9barquement sur les c\u00f4tes de Provence des troupes alli\u00e9es qui doit intervenir dans les prochaines heures. Mais dans les hautes vall\u00e9es sud-alpines, cette insurrection se transforme en v\u00e9ritable lib\u00e9ration, comme dans celle de l\u2019Ubaye.<\/a><\/span><\/p>\t\t\t\t\t\t<\/div>\n\t\t\t\t<\/div>\n\t\t\t\t\t<\/div>\n\t\t<\/div>\n\t\t\t\t\t<\/div>\n\t\t<\/section>\n\t\t\t\t<section class=\"elementor-section elementor-top-section elementor-element elementor-element-d1c1380 elementor-section-boxed elementor-section-height-default elementor-section-height-default\" data-id=\"d1c1380\" data-element_type=\"section\">\n\t\t\t\t\t\t<div class=\"elementor-container elementor-column-gap-default\">\n\t\t\t\t\t<div class=\"elementor-column elementor-col-100 elementor-top-column elementor-element elementor-element-953bfe7\" data-id=\"953bfe7\" data-element_type=\"column\">\n\t\t\t<div class=\"elementor-widget-wrap elementor-element-populated\">\n\t\t\t\t\t\t<div class=\"elementor-element elementor-element-a44de7c elementor-widget elementor-widget-spacer\" data-id=\"a44de7c\" data-element_type=\"widget\" data-widget_type=\"spacer.default\">\n\t\t\t\t<div class=\"elementor-widget-container\">\n\t\t\t\t\t<div class=\"elementor-spacer\">\n\t\t\t<div class=\"elementor-spacer-inner\"><\/div>\n\t\t<\/div>\n\t\t\t\t<\/div>\n\t\t\t\t<\/div>\n\t\t\t\t\t<\/div>\n\t\t<\/div>\n\t\t\t\t\t<\/div>\n\t\t<\/section>\n\t\t\t\t<section class=\"elementor-section elementor-top-section elementor-element elementor-element-b593eb7 elementor-section-height-min-height elementor-section-boxed elementor-section-height-default elementor-section-items-middle\" data-id=\"b593eb7\" data-element_type=\"section\" data-settings=\"{&quot;background_background&quot;:&quot;classic&quot;}\">\n\t\t\t\t\t\t\t<div class=\"elementor-background-overlay\"><\/div>\n\t\t\t\t\t\t\t<div class=\"elementor-container elementor-column-gap-default\">\n\t\t\t\t\t<div class=\"elementor-column elementor-col-100 elementor-top-column elementor-element elementor-element-5c2408c\" data-id=\"5c2408c\" data-element_type=\"column\">\n\t\t\t<div class=\"elementor-widget-wrap elementor-element-populated\">\n\t\t\t\t\t\t<div class=\"elementor-element elementor-element-b91d1fa elementor-widget elementor-widget-text-editor\" data-id=\"b91d1fa\" data-element_type=\"widget\" data-widget_type=\"text-editor.default\">\n\t\t\t\t<div class=\"elementor-widget-container\">\n\t\t\t\t\t\t\t<p style=\"text-align: center;\"><span style=\"color: #ffffff;\"><a style=\"color: #ffffff;\" href=\"https:\/\/youtu.be\/4aRLIHA0alU?si=QmrapwQGFKnWADwy\">Pr\u00e9paratifs de l&rsquo;Op\u00e9ration Anvil Dragoon en Provence. Avions pr\u00eats au d\u00e9collage sur une base a\u00e9rienne. Vues a\u00e9riennes de bombardement sur la Provence. Survol de l\u2019\u00eele du Levant au large de la c\u00f4te d&rsquo;azur. Bateaux vues du ciel se rapprochant de la c\u00f4te. Avions dans le ciel.<\/a><\/span><\/p>\t\t\t\t\t\t<\/div>\n\t\t\t\t<\/div>\n\t\t\t\t\t<\/div>\n\t\t<\/div>\n\t\t\t\t\t<\/div>\n\t\t<\/section>\n\t\t\t\t<section class=\"elementor-section elementor-top-section elementor-element elementor-element-f35b91b elementor-section-boxed elementor-section-height-default elementor-section-height-default\" data-id=\"f35b91b\" data-element_type=\"section\">\n\t\t\t\t\t\t<div class=\"elementor-container elementor-column-gap-default\">\n\t\t\t\t\t<div class=\"elementor-column elementor-col-100 elementor-top-column elementor-element elementor-element-a1a3f61\" data-id=\"a1a3f61\" data-element_type=\"column\">\n\t\t\t<div class=\"elementor-widget-wrap elementor-element-populated\">\n\t\t\t\t\t\t<div class=\"elementor-element elementor-element-071affe elementor-widget elementor-widget-spacer\" data-id=\"071affe\" data-element_type=\"widget\" data-widget_type=\"spacer.default\">\n\t\t\t\t<div class=\"elementor-widget-container\">\n\t\t\t\t\t<div class=\"elementor-spacer\">\n\t\t\t<div class=\"elementor-spacer-inner\"><\/div>\n\t\t<\/div>\n\t\t\t\t<\/div>\n\t\t\t\t<\/div>\n\t\t\t\t\t<\/div>\n\t\t<\/div>\n\t\t\t\t\t<\/div>\n\t\t<\/section>\n\t\t\t\t<section class=\"elementor-section elementor-top-section elementor-element elementor-element-53f9c13 elementor-section-height-min-height elementor-section-boxed elementor-section-height-default elementor-section-items-middle\" data-id=\"53f9c13\" data-element_type=\"section\" data-settings=\"{&quot;background_background&quot;:&quot;classic&quot;}\">\n\t\t\t\t\t\t\t<div class=\"elementor-background-overlay\"><\/div>\n\t\t\t\t\t\t\t<div class=\"elementor-container elementor-column-gap-default\">\n\t\t\t\t\t<div class=\"elementor-column elementor-col-100 elementor-top-column elementor-element elementor-element-0cb6ea9\" data-id=\"0cb6ea9\" data-element_type=\"column\">\n\t\t\t<div class=\"elementor-widget-wrap elementor-element-populated\">\n\t\t\t\t\t\t<div class=\"elementor-element elementor-element-edd979d elementor-widget elementor-widget-text-editor\" data-id=\"edd979d\" data-element_type=\"widget\" data-widget_type=\"text-editor.default\">\n\t\t\t\t<div class=\"elementor-widget-container\">\n\t\t\t\t\t\t\t<p style=\"text-align: center;\"><span style=\"color: #ffffff;\"><a style=\"color: #ffffff;\" href=\"https:\/\/youtu.be\/zx0WLtj-a2g?si=Y0S8EsEyp62rzGAo\">Images en vraies couleurs du d\u00e9barquement en Provence apr\u00e8s le 15 ao\u00fbt 1944. D\u00e9barquement de mat\u00e9riel et de troupes sur la plage dont des troupes coloniales d&rsquo;Afrique subsaharienne. FFI et Populations en liesse.<\/a><\/span><\/p>\t\t\t\t\t\t<\/div>\n\t\t\t\t<\/div>\n\t\t\t\t\t<\/div>\n\t\t<\/div>\n\t\t\t\t\t<\/div>\n\t\t<\/section>\n\t\t\t\t<section class=\"elementor-section elementor-top-section elementor-element elementor-element-3b681ae elementor-section-boxed elementor-section-height-default elementor-section-height-default\" data-id=\"3b681ae\" data-element_type=\"section\">\n\t\t\t\t\t\t<div class=\"elementor-container elementor-column-gap-default\">\n\t\t\t\t\t<div class=\"elementor-column elementor-col-100 elementor-top-column elementor-element elementor-element-edf35a9\" data-id=\"edf35a9\" data-element_type=\"column\">\n\t\t\t<div class=\"elementor-widget-wrap elementor-element-populated\">\n\t\t\t\t\t\t<div class=\"elementor-element elementor-element-95c54c3 elementor-widget elementor-widget-spacer\" data-id=\"95c54c3\" data-element_type=\"widget\" data-widget_type=\"spacer.default\">\n\t\t\t\t<div class=\"elementor-widget-container\">\n\t\t\t\t\t<div class=\"elementor-spacer\">\n\t\t\t<div class=\"elementor-spacer-inner\"><\/div>\n\t\t<\/div>\n\t\t\t\t<\/div>\n\t\t\t\t<\/div>\n\t\t\t\t\t<\/div>\n\t\t<\/div>\n\t\t\t\t\t<\/div>\n\t\t<\/section>\n\t\t\t\t<section class=\"elementor-section elementor-top-section elementor-element elementor-element-2c4ef4d elementor-section-height-min-height elementor-section-boxed elementor-section-height-default elementor-section-items-middle\" data-id=\"2c4ef4d\" data-element_type=\"section\" data-settings=\"{&quot;background_background&quot;:&quot;classic&quot;}\">\n\t\t\t\t\t\t<div class=\"elementor-container elementor-column-gap-default\">\n\t\t\t\t\t<div class=\"elementor-column elementor-col-100 elementor-top-column elementor-element elementor-element-7dd164f\" data-id=\"7dd164f\" data-element_type=\"column\">\n\t\t\t<div class=\"elementor-widget-wrap elementor-element-populated\">\n\t\t\t\t\t\t<div class=\"elementor-element elementor-element-45cf5dd elementor-widget elementor-widget-text-editor\" data-id=\"45cf5dd\" data-element_type=\"widget\" data-widget_type=\"text-editor.default\">\n\t\t\t\t<div class=\"elementor-widget-container\">\n\t\t\t\t\t\t\t<p style=\"text-align: center;\"><a href=\"https:\/\/youtu.be\/O4ezytNY_Mw?si=UTkABvJlaq1T6WdC\"><span style=\"color: #ffffff;\">Maillon indispensable de la chaine des secours en op\u00e9ration ext\u00e9rieure, le CASA \u00ab Nurse \u00bb est l&rsquo;avion utilis\u00e9 pour le transport des bless\u00e9s. A son bord, une infirmi\u00e8re convoyeuse. Portrait de cette femme qui vit son engagement comme une passion.<\/span><\/a><\/p>\t\t\t\t\t\t<\/div>\n\t\t\t\t<\/div>\n\t\t\t\t\t<\/div>\n\t\t<\/div>\n\t\t\t\t\t<\/div>\n\t\t<\/section>\n\t\t\t\t<section class=\"elementor-section elementor-top-section elementor-element elementor-element-8fa20d7 elementor-section-boxed elementor-section-height-default elementor-section-height-default\" data-id=\"8fa20d7\" data-element_type=\"section\">\n\t\t\t\t\t\t<div class=\"elementor-container elementor-column-gap-default\">\n\t\t\t\t\t<div class=\"elementor-column elementor-col-100 elementor-top-column elementor-element elementor-element-ffe5ef5\" data-id=\"ffe5ef5\" data-element_type=\"column\">\n\t\t\t<div class=\"elementor-widget-wrap elementor-element-populated\">\n\t\t\t\t\t\t<div class=\"elementor-element elementor-element-bd8e695 elementor-widget elementor-widget-spacer\" data-id=\"bd8e695\" data-element_type=\"widget\" data-widget_type=\"spacer.default\">\n\t\t\t\t<div class=\"elementor-widget-container\">\n\t\t\t\t\t<div class=\"elementor-spacer\">\n\t\t\t<div class=\"elementor-spacer-inner\"><\/div>\n\t\t<\/div>\n\t\t\t\t<\/div>\n\t\t\t\t<\/div>\n\t\t\t\t\t<\/div>\n\t\t<\/div>\n\t\t\t\t\t<\/div>\n\t\t<\/section>\n\t\t\t\t<section class=\"elementor-section elementor-top-section elementor-element elementor-element-a5abb7a elementor-section-height-min-height elementor-section-boxed elementor-section-height-default elementor-section-items-middle\" data-id=\"a5abb7a\" data-element_type=\"section\" data-settings=\"{&quot;background_background&quot;:&quot;classic&quot;}\">\n\t\t\t\t\t\t\t<div class=\"elementor-background-overlay\"><\/div>\n\t\t\t\t\t\t\t<div class=\"elementor-container elementor-column-gap-default\">\n\t\t\t\t\t<div class=\"elementor-column elementor-col-100 elementor-top-column elementor-element elementor-element-08c8067\" data-id=\"08c8067\" data-element_type=\"column\">\n\t\t\t<div class=\"elementor-widget-wrap elementor-element-populated\">\n\t\t\t\t\t\t<div class=\"elementor-element elementor-element-a952a52 elementor-widget elementor-widget-text-editor\" data-id=\"a952a52\" data-element_type=\"widget\" data-widget_type=\"text-editor.default\">\n\t\t\t\t<div class=\"elementor-widget-container\">\n\t\t\t\t\t\t\t<p style=\"text-align: center;\"><a href=\"https:\/\/youtu.be\/WSZSKSi5kMY?si=uGsROq0DfBFJRDMC\"><span style=\"color: #ffffff;\">Le major Yannick est infirmier convoyeur de l\u2019Arm\u00e9e de l\u2019air sur A330 Ph\u00e9nix. Derni\u00e8rement, il a particip\u00e9 aux missions \u00ab Morph\u00e9e \u00bb, sur le territoire national, dans le cadre de l\u2019op\u00e9ration R\u00e9silience. Dans cette vid\u00e9o, il revient sur la premi\u00e8re \u00e9vacuation a\u00e9rosanitaire du Ph\u00e9nix, le 18 mars dernier. Le major d\u00e9crit son r\u00f4le au sein de l\u2019\u00e9quipage et explique sa mission \u00e0 bord de l\u2019A330.<\/span><\/a><\/p>\t\t\t\t\t\t<\/div>\n\t\t\t\t<\/div>\n\t\t\t\t\t<\/div>\n\t\t<\/div>\n\t\t\t\t\t<\/div>\n\t\t<\/section>\n\t\t\t\t<section class=\"elementor-section elementor-top-section elementor-element elementor-element-82bf8a3 elementor-section-boxed elementor-section-height-default elementor-section-height-default\" data-id=\"82bf8a3\" data-element_type=\"section\">\n\t\t\t\t\t\t<div class=\"elementor-container elementor-column-gap-default\">\n\t\t\t\t\t<div class=\"elementor-column elementor-col-100 elementor-top-column elementor-element elementor-element-8295d54\" data-id=\"8295d54\" data-element_type=\"column\">\n\t\t\t<div class=\"elementor-widget-wrap elementor-element-populated\">\n\t\t\t\t\t\t<div class=\"elementor-element elementor-element-77dc104 elementor-widget elementor-widget-spacer\" data-id=\"77dc104\" data-element_type=\"widget\" data-widget_type=\"spacer.default\">\n\t\t\t\t<div class=\"elementor-widget-container\">\n\t\t\t\t\t<div class=\"elementor-spacer\">\n\t\t\t<div class=\"elementor-spacer-inner\"><\/div>\n\t\t<\/div>\n\t\t\t\t<\/div>\n\t\t\t\t<\/div>\n\t\t\t\t\t<\/div>\n\t\t<\/div>\n\t\t\t\t\t<\/div>\n\t\t<\/section>\n\t\t\t\t<section class=\"elementor-section elementor-top-section elementor-element elementor-element-9f09313 elementor-section-height-min-height elementor-section-boxed elementor-section-height-default elementor-section-items-middle\" data-id=\"9f09313\" data-element_type=\"section\" data-settings=\"{&quot;background_background&quot;:&quot;classic&quot;}\">\n\t\t\t\t\t\t<div class=\"elementor-container elementor-column-gap-default\">\n\t\t\t\t\t<div class=\"elementor-column elementor-col-100 elementor-top-column elementor-element elementor-element-096370d\" data-id=\"096370d\" data-element_type=\"column\">\n\t\t\t<div class=\"elementor-widget-wrap elementor-element-populated\">\n\t\t\t\t\t\t<div class=\"elementor-element elementor-element-538fbfb elementor-widget elementor-widget-text-editor\" data-id=\"538fbfb\" data-element_type=\"widget\" data-widget_type=\"text-editor.default\">\n\t\t\t\t<div class=\"elementor-widget-container\">\n\t\t\t\t\t\t\t<p style=\"text-align: center;\"><a href=\"https:\/\/youtu.be\/Ox8t--CSLQE?si=n0H-vfcTNNLAU5SX\"><span style=\"color: #ffffff;\">Major Yannick, infirmier, convoyeur de l&rsquo;Arm\u00e9e de l\u2019air<\/span> <\/a><\/p>\t\t\t\t\t\t<\/div>\n\t\t\t\t<\/div>\n\t\t\t\t\t<\/div>\n\t\t<\/div>\n\t\t\t\t\t<\/div>\n\t\t<\/section>\n\t\t\t\t<section class=\"elementor-section elementor-top-section elementor-element elementor-element-f18b90e elementor-section-boxed elementor-section-height-default elementor-section-height-default\" data-id=\"f18b90e\" data-element_type=\"section\">\n\t\t\t\t\t\t<div class=\"elementor-container elementor-column-gap-default\">\n\t\t\t\t\t<div class=\"elementor-column elementor-col-100 elementor-top-column elementor-element elementor-element-a1c905d\" data-id=\"a1c905d\" data-element_type=\"column\">\n\t\t\t<div class=\"elementor-widget-wrap elementor-element-populated\">\n\t\t\t\t\t\t<div class=\"elementor-element elementor-element-39217bf elementor-widget elementor-widget-spacer\" data-id=\"39217bf\" data-element_type=\"widget\" data-widget_type=\"spacer.default\">\n\t\t\t\t<div class=\"elementor-widget-container\">\n\t\t\t\t\t<div class=\"elementor-spacer\">\n\t\t\t<div class=\"elementor-spacer-inner\"><\/div>\n\t\t<\/div>\n\t\t\t\t<\/div>\n\t\t\t\t<\/div>\n\t\t\t\t\t<\/div>\n\t\t<\/div>\n\t\t\t\t\t<\/div>\n\t\t<\/section>\n\t\t\t\t<section class=\"elementor-section elementor-top-section elementor-element elementor-element-589259e elementor-section-height-min-height elementor-section-boxed elementor-section-height-default elementor-section-items-middle\" data-id=\"589259e\" data-element_type=\"section\" data-settings=\"{&quot;background_background&quot;:&quot;classic&quot;}\">\n\t\t\t\t\t\t\t<div class=\"elementor-background-overlay\"><\/div>\n\t\t\t\t\t\t\t<div class=\"elementor-container elementor-column-gap-default\">\n\t\t\t\t\t<div class=\"elementor-column elementor-col-100 elementor-top-column elementor-element elementor-element-46800dc\" data-id=\"46800dc\" data-element_type=\"column\">\n\t\t\t<div class=\"elementor-widget-wrap elementor-element-populated\">\n\t\t\t\t\t\t<div class=\"elementor-element elementor-element-c25d48c elementor-widget elementor-widget-text-editor\" data-id=\"c25d48c\" data-element_type=\"widget\" data-widget_type=\"text-editor.default\">\n\t\t\t\t<div class=\"elementor-widget-container\">\n\t\t\t\t\t\t\t<p style=\"text-align: center;\"><a href=\"https:\/\/youtu.be\/UW1Z8quotLI?si=VjPbd2-DYgcUvTa5\"><span style=\"color: #ffffff;\">L&rsquo;Arm\u00e9e de l&rsquo;Air contre le Coronavirus : <\/span><\/a><\/p><p style=\"text-align: center;\"><a href=\"https:\/\/youtu.be\/UW1Z8quotLI?si=VjPbd2-DYgcUvTa5\"><span style=\"color: #ffffff;\">qu&rsquo;est-ce que le module Morph\u00e9e ?<\/span><\/a><\/p>\t\t\t\t\t\t<\/div>\n\t\t\t\t<\/div>\n\t\t\t\t\t<\/div>\n\t\t<\/div>\n\t\t\t\t\t<\/div>\n\t\t<\/section>\n\t\t\t\t<section class=\"elementor-section elementor-top-section elementor-element elementor-element-f0c0d2e elementor-section-boxed elementor-section-height-default elementor-section-height-default\" data-id=\"f0c0d2e\" data-element_type=\"section\">\n\t\t\t\t\t\t<div class=\"elementor-container elementor-column-gap-default\">\n\t\t\t\t\t<div class=\"elementor-column elementor-col-100 elementor-top-column elementor-element elementor-element-74eaded\" data-id=\"74eaded\" data-element_type=\"column\">\n\t\t\t<div class=\"elementor-widget-wrap elementor-element-populated\">\n\t\t\t\t\t\t<div class=\"elementor-element elementor-element-21013bf elementor-widget elementor-widget-spacer\" data-id=\"21013bf\" data-element_type=\"widget\" data-widget_type=\"spacer.default\">\n\t\t\t\t<div class=\"elementor-widget-container\">\n\t\t\t\t\t<div class=\"elementor-spacer\">\n\t\t\t<div class=\"elementor-spacer-inner\"><\/div>\n\t\t<\/div>\n\t\t\t\t<\/div>\n\t\t\t\t<\/div>\n\t\t\t\t\t<\/div>\n\t\t<\/div>\n\t\t\t\t\t<\/div>\n\t\t<\/section>\n\t\t\t\t<section class=\"elementor-section elementor-top-section elementor-element elementor-element-ff30ebb elementor-section-height-min-height elementor-section-boxed elementor-section-height-default elementor-section-items-middle\" data-id=\"ff30ebb\" data-element_type=\"section\" data-settings=\"{&quot;background_background&quot;:&quot;classic&quot;}\">\n\t\t\t\t\t\t<div class=\"elementor-container elementor-column-gap-default\">\n\t\t\t\t\t<div class=\"elementor-column elementor-col-100 elementor-top-column elementor-element elementor-element-bdde1ac\" data-id=\"bdde1ac\" data-element_type=\"column\">\n\t\t\t<div class=\"elementor-widget-wrap elementor-element-populated\">\n\t\t\t\t\t\t<div class=\"elementor-element elementor-element-5dc8649 elementor-widget elementor-widget-text-editor\" data-id=\"5dc8649\" data-element_type=\"widget\" data-widget_type=\"text-editor.default\">\n\t\t\t\t<div class=\"elementor-widget-container\">\n\t\t\t\t\t\t\t<p style=\"text-align: center;\"><a href=\"https:\/\/youtu.be\/L0bccSH3B4M?si=_u7fYC3Y4KHJXKlb\"><span style=\"color: #ffffff;\">Arm\u00e9e de l&rsquo;Air : avec les pilotes charg\u00e9s de l&rsquo;\u00e9vacuation m\u00e9dicale<\/span><\/a><\/p>\t\t\t\t\t\t<\/div>\n\t\t\t\t<\/div>\n\t\t\t\t\t<\/div>\n\t\t<\/div>\n\t\t\t\t\t<\/div>\n\t\t<\/section>\n\t\t\t\t<section class=\"elementor-section elementor-top-section elementor-element elementor-element-4d22557 elementor-section-boxed elementor-section-height-default elementor-section-height-default\" data-id=\"4d22557\" data-element_type=\"section\">\n\t\t\t\t\t\t<div class=\"elementor-container elementor-column-gap-default\">\n\t\t\t\t\t<div class=\"elementor-column elementor-col-100 elementor-top-column elementor-element elementor-element-37c1e1c\" data-id=\"37c1e1c\" data-element_type=\"column\">\n\t\t\t<div class=\"elementor-widget-wrap elementor-element-populated\">\n\t\t\t\t\t\t<div class=\"elementor-element elementor-element-10ee5a9 elementor-widget elementor-widget-spacer\" data-id=\"10ee5a9\" data-element_type=\"widget\" data-widget_type=\"spacer.default\">\n\t\t\t\t<div class=\"elementor-widget-container\">\n\t\t\t\t\t<div class=\"elementor-spacer\">\n\t\t\t<div class=\"elementor-spacer-inner\"><\/div>\n\t\t<\/div>\n\t\t\t\t<\/div>\n\t\t\t\t<\/div>\n\t\t\t\t\t<\/div>\n\t\t<\/div>\n\t\t\t\t\t<\/div>\n\t\t<\/section>\n\t\t\t\t<section class=\"elementor-section elementor-top-section elementor-element elementor-element-7b825d0 elementor-section-height-min-height elementor-section-boxed elementor-section-height-default elementor-section-items-middle\" data-id=\"7b825d0\" data-element_type=\"section\" data-settings=\"{&quot;background_background&quot;:&quot;classic&quot;}\">\n\t\t\t\t\t\t\t<div class=\"elementor-background-overlay\"><\/div>\n\t\t\t\t\t\t\t<div class=\"elementor-container elementor-column-gap-default\">\n\t\t\t\t\t<div class=\"elementor-column elementor-col-100 elementor-top-column elementor-element elementor-element-07decbf\" data-id=\"07decbf\" data-element_type=\"column\">\n\t\t\t<div class=\"elementor-widget-wrap elementor-element-populated\">\n\t\t\t\t\t\t<div class=\"elementor-element elementor-element-2814f67 elementor-widget elementor-widget-text-editor\" data-id=\"2814f67\" data-element_type=\"widget\" data-widget_type=\"text-editor.default\">\n\t\t\t\t<div class=\"elementor-widget-container\">\n\t\t\t\t\t\t\t<p style=\"text-align: left;\"><a href=\"https:\/\/youtu.be\/-oIStzvm_JA?si=JV-TE7N9r7onU3mc\"><strong><span style=\"color: #ffffff;\">Depuis les attentats en France, les \u00e9quipes du SAMU civil et les urgentistes s\u2019inspirent du retour d\u2019exp\u00e9rience des m\u00e9decins et des chirurgiens militaires. Depuis un an, les soignants civils sont form\u00e9s par le service de sant\u00e9 des arm\u00e9es \u00e0 la prise en charge de blessures balistiques mais aussi aux proc\u00e9dures de \u00abtriage\u00bb des victimes d\u2019un attentat.<\/span><\/strong><\/a><br \/><strong><span style=\"color: #ffffff;\">Pour comprendre pourquoi l\u2019arm\u00e9e d\u00e9tient ce savoir-faire unique, l\u2019\u00e9quipe du Journal de la D\u00e9fense s\u2019est rendue au Sahel o\u00f9 3.500 soldats sont engag\u00e9s dans l\u2019op\u00e9ration Barkhane. Dans cette zone, des infirmiers, des m\u00e9decins et des chirurgiens militaires \u0153uvrent chaque jour pour soigner et sauver des vies.<\/span><\/strong><\/p>\t\t\t\t\t\t<\/div>\n\t\t\t\t<\/div>\n\t\t\t\t\t<\/div>\n\t\t<\/div>\n\t\t\t\t\t<\/div>\n\t\t<\/section>\n\t\t\t\t<section class=\"elementor-section elementor-top-section elementor-element elementor-element-1856a6b elementor-section-boxed elementor-section-height-default elementor-section-height-default\" data-id=\"1856a6b\" data-element_type=\"section\">\n\t\t\t\t\t\t<div class=\"elementor-container elementor-column-gap-default\">\n\t\t\t\t\t<div class=\"elementor-column elementor-col-100 elementor-top-column elementor-element elementor-element-41a5888\" data-id=\"41a5888\" data-element_type=\"column\">\n\t\t\t<div class=\"elementor-widget-wrap elementor-element-populated\">\n\t\t\t\t\t\t<div class=\"elementor-element elementor-element-358ae8d elementor-widget elementor-widget-spacer\" data-id=\"358ae8d\" data-element_type=\"widget\" data-widget_type=\"spacer.default\">\n\t\t\t\t<div class=\"elementor-widget-container\">\n\t\t\t\t\t<div class=\"elementor-spacer\">\n\t\t\t<div class=\"elementor-spacer-inner\"><\/div>\n\t\t<\/div>\n\t\t\t\t<\/div>\n\t\t\t\t<\/div>\n\t\t\t\t\t<\/div>\n\t\t<\/div>\n\t\t\t\t\t<\/div>\n\t\t<\/section>\n\t\t\t\t<section class=\"elementor-section elementor-top-section elementor-element elementor-element-212ec6e elementor-section-height-min-height elementor-section-boxed elementor-section-height-default elementor-section-items-middle\" data-id=\"212ec6e\" data-element_type=\"section\" data-settings=\"{&quot;background_background&quot;:&quot;classic&quot;}\">\n\t\t\t\t\t\t<div class=\"elementor-container elementor-column-gap-default\">\n\t\t\t\t\t<div class=\"elementor-column elementor-col-100 elementor-top-column elementor-element elementor-element-2897fa4\" data-id=\"2897fa4\" data-element_type=\"column\">\n\t\t\t<div class=\"elementor-widget-wrap elementor-element-populated\">\n\t\t\t\t\t\t<div class=\"elementor-element elementor-element-7b330a8 elementor-widget elementor-widget-text-editor\" data-id=\"7b330a8\" data-element_type=\"widget\" data-widget_type=\"text-editor.default\">\n\t\t\t\t<div class=\"elementor-widget-container\">\n\t\t\t\t\t\t\t<p style=\"text-align: center;\"><a href=\"https:\/\/youtu.be\/NmV57-BGPXo?si=_DqF9jHfRLUTodSy\"><span style=\"color: #ffffff;\">Vous avez d\u00e9couvert la capacit\u00e9 Morph\u00e9e de l&rsquo;A330 Ph\u00e9nix. Dans cette vid\u00e9o, apprenez en plus sur l&rsquo;ensemble des capacit\u00e9s de cet avion militaire.<\/span> <\/a><\/p>\t\t\t\t\t\t<\/div>\n\t\t\t\t<\/div>\n\t\t\t\t\t<\/div>\n\t\t<\/div>\n\t\t\t\t\t<\/div>\n\t\t<\/section>\n\t\t\t\t<section class=\"elementor-section elementor-top-section elementor-element elementor-element-1a326eb elementor-section-boxed elementor-section-height-default elementor-section-height-default\" data-id=\"1a326eb\" data-element_type=\"section\">\n\t\t\t\t\t\t<div class=\"elementor-container elementor-column-gap-default\">\n\t\t\t\t\t<div class=\"elementor-column elementor-col-100 elementor-top-column elementor-element elementor-element-4da0e11\" data-id=\"4da0e11\" data-element_type=\"column\">\n\t\t\t<div class=\"elementor-widget-wrap elementor-element-populated\">\n\t\t\t\t\t\t<div class=\"elementor-element elementor-element-c89d9c7 elementor-widget elementor-widget-spacer\" data-id=\"c89d9c7\" data-element_type=\"widget\" data-widget_type=\"spacer.default\">\n\t\t\t\t<div class=\"elementor-widget-container\">\n\t\t\t\t\t<div class=\"elementor-spacer\">\n\t\t\t<div class=\"elementor-spacer-inner\"><\/div>\n\t\t<\/div>\n\t\t\t\t<\/div>\n\t\t\t\t<\/div>\n\t\t\t\t\t<\/div>\n\t\t<\/div>\n\t\t\t\t\t<\/div>\n\t\t<\/section>\n\t\t\t\t<section class=\"elementor-section elementor-top-section elementor-element elementor-element-e3ecdd1 elementor-section-height-min-height elementor-section-boxed elementor-section-height-default elementor-section-items-middle\" data-id=\"e3ecdd1\" data-element_type=\"section\" data-settings=\"{&quot;background_background&quot;:&quot;classic&quot;}\">\n\t\t\t\t\t\t<div class=\"elementor-container elementor-column-gap-default\">\n\t\t\t\t\t<div class=\"elementor-column elementor-col-100 elementor-top-column elementor-element elementor-element-1fc5b39\" data-id=\"1fc5b39\" data-element_type=\"column\">\n\t\t\t<div class=\"elementor-widget-wrap elementor-element-populated\">\n\t\t\t\t\t\t<div class=\"elementor-element elementor-element-a2d2d23 elementor-widget elementor-widget-text-editor\" data-id=\"a2d2d23\" data-element_type=\"widget\" data-widget_type=\"text-editor.default\">\n\t\t\t\t<div class=\"elementor-widget-container\">\n\t\t\t\t\t\t\t<p><span style=\"color: #ffffff;\"><a style=\"color: #ffffff;\" href=\"https:\/\/youtu.be\/5cbk68_TMpc?si=l4bbTB2th6pYiJ9v\">C\u2019est avec un grand sourire que l\u2019infirmi\u00e8re en soins g\u00e9n\u00e9raux de 1er grade Sarah nous a accueillis sur la base a\u00e9rienne 107 de V\u00e9lizy-Villacoublay. Il faut dire que la jeune femme a r\u00e9alis\u00e9 son r\u00eave : devenir une sp\u00e9cialiste des \u00e9vacuations m\u00e9dicales par voie a\u00e9rienne. A notre micro, elle explique son m\u00e9tier de convoyeuse, les diff\u00e9rentes \u00e9tapes de sa formation, et se confie sur des missions qui l\u2019ont marqu\u00e9e de l\u2019Afghanistan au Soudan.<\/a><\/span><\/p>\t\t\t\t\t\t<\/div>\n\t\t\t\t<\/div>\n\t\t\t\t\t<\/div>\n\t\t<\/div>\n\t\t\t\t\t<\/div>\n\t\t<\/section>\n\t\t\t\t<section class=\"elementor-section elementor-top-section elementor-element elementor-element-013e109 elementor-section-boxed elementor-section-height-default elementor-section-height-default\" data-id=\"013e109\" data-element_type=\"section\">\n\t\t\t\t\t\t<div class=\"elementor-container elementor-column-gap-default\">\n\t\t\t\t\t<div class=\"elementor-column elementor-col-100 elementor-top-column elementor-element elementor-element-8effd45\" data-id=\"8effd45\" data-element_type=\"column\">\n\t\t\t<div class=\"elementor-widget-wrap elementor-element-populated\">\n\t\t\t\t\t\t<div class=\"elementor-element elementor-element-323d9e4 elementor-widget elementor-widget-spacer\" data-id=\"323d9e4\" data-element_type=\"widget\" data-widget_type=\"spacer.default\">\n\t\t\t\t<div class=\"elementor-widget-container\">\n\t\t\t\t\t<div class=\"elementor-spacer\">\n\t\t\t<div class=\"elementor-spacer-inner\"><\/div>\n\t\t<\/div>\n\t\t\t\t<\/div>\n\t\t\t\t<\/div>\n\t\t\t\t\t<\/div>\n\t\t<\/div>\n\t\t\t\t\t<\/div>\n\t\t<\/section>\n\t\t\t\t<section class=\"elementor-section elementor-top-section elementor-element elementor-element-3fc8506 elementor-section-height-min-height elementor-section-boxed elementor-section-height-default elementor-section-items-middle\" data-id=\"3fc8506\" data-element_type=\"section\" data-settings=\"{&quot;background_background&quot;:&quot;classic&quot;}\">\n\t\t\t\t\t\t<div class=\"elementor-container elementor-column-gap-default\">\n\t\t\t\t\t<div class=\"elementor-column elementor-col-100 elementor-top-column elementor-element elementor-element-55682a1\" data-id=\"55682a1\" data-element_type=\"column\">\n\t\t\t<div class=\"elementor-widget-wrap elementor-element-populated\">\n\t\t\t\t\t\t<div class=\"elementor-element elementor-element-163b317 elementor-widget elementor-widget-text-editor\" data-id=\"163b317\" data-element_type=\"widget\" data-widget_type=\"text-editor.default\">\n\t\t\t\t<div class=\"elementor-widget-container\">\n\t\t\t\t\t\t\t<p style=\"text-align: center;\"><a href=\"https:\/\/youtu.be\/Ja_rWwQw0P8?si=XPcB006XCsDefocT\"><strong>Robert Picqu\u00e9 (1877-1927), pionnier de l\u2019aviation sanitaire.<\/strong><\/a><\/p>\t\t\t\t\t\t<\/div>\n\t\t\t\t<\/div>\n\t\t\t\t\t<\/div>\n\t\t<\/div>\n\t\t\t\t\t<\/div>\n\t\t<\/section>\n\t\t\t\t<\/div>\n\t\t","protected":false},"excerpt":{"rendered":"<p>ANTAM info n\u00b069, allez un peu plus loin Les quelques vid\u00e9os ci-dessous ont \u00e9t\u00e9 s\u00e9lectionn\u00e9es pour vous permettre d&rsquo;aller un peu plus loin apr\u00e8s la lecture d&rsquo;ANTAM info. Celles et ceux int\u00e9ress\u00e9s par les faits historiques se r\u00e9galeront de la richesse de ces reportages qui ne manquent pas de rappeler les origines du transport a\u00e9rien [&hellip;]<\/p>\n","protected":false},"author":676,"featured_media":0,"comment_status":"closed","ping_status":"closed","sticky":false,"template":"","format":"standard","meta":[],"categories":[19],"tags":[],"_links":{"self":[{"href":"https:\/\/antam.ovh\/index.php\/wp-json\/wp\/v2\/posts\/11445"}],"collection":[{"href":"https:\/\/antam.ovh\/index.php\/wp-json\/wp\/v2\/posts"}],"about":[{"href":"https:\/\/antam.ovh\/index.php\/wp-json\/wp\/v2\/types\/post"}],"author":[{"embeddable":true,"href":"https:\/\/antam.ovh\/index.php\/wp-json\/wp\/v2\/users\/676"}],"replies":[{"embeddable":true,"href":"https:\/\/antam.ovh\/index.php\/wp-json\/wp\/v2\/comments?post=11445"}],"version-history":[{"count":14,"href":"https:\/\/antam.ovh\/index.php\/wp-json\/wp\/v2\/posts\/11445\/revisions"}],"predecessor-version":[{"id":11505,"href":"https:\/\/antam.ovh\/index.php\/wp-json\/wp\/v2\/posts\/11445\/revisions\/11505"}],"wp:attachment":[{"href":"https:\/\/antam.ovh\/index.php\/wp-json\/wp\/v2\/media?parent=11445"}],"wp:term":[{"taxonomy":"category","embeddable":true,"href":"https:\/\/antam.ovh\/index.php\/wp-json\/wp\/v2\/categories?post=11445"},{"taxonomy":"post_tag","embeddable":true,"href":"https:\/\/antam.ovh\/index.php\/wp-json\/wp\/v2\/tags?post=11445"}],"curies":[{"name":"wp","href":"https:\/\/api.w.org\/{rel}","templated":true}]}}