{"id":11546,"date":"2025-01-25T08:32:19","date_gmt":"2025-01-25T07:32:19","guid":{"rendered":"http:\/\/antam.ovh\/?p=11546"},"modified":"2025-01-25T13:05:54","modified_gmt":"2025-01-25T12:05:54","slug":"le-dernier-envol-du-medecin-general-inspecteur-valerie-andree","status":"publish","type":"post","link":"https:\/\/antam.ovh\/index.php\/2025\/01\/25\/le-dernier-envol-du-medecin-general-inspecteur-valerie-andree\/","title":{"rendered":"Le dernier envol du m\u00e9decin g\u00e9n\u00e9ral inspecteur Val\u00e9rie Andr\u00e9"},"content":{"rendered":"\t\t<div data-elementor-type=\"wp-post\" data-elementor-id=\"11546\" class=\"elementor elementor-11546\">\n\t\t\t\t\t\t<section class=\"elementor-section elementor-top-section elementor-element elementor-element-3c1e7b3 elementor-section-boxed elementor-section-height-default elementor-section-height-default\" data-id=\"3c1e7b3\" data-element_type=\"section\">\n\t\t\t\t\t\t<div class=\"elementor-container elementor-column-gap-default\">\n\t\t\t\t\t<div class=\"elementor-column elementor-col-100 elementor-top-column elementor-element elementor-element-79b1f4f\" data-id=\"79b1f4f\" data-element_type=\"column\">\n\t\t\t<div class=\"elementor-widget-wrap elementor-element-populated\">\n\t\t\t\t\t\t<div class=\"elementor-element elementor-element-0a7b6b5 elementor-widget elementor-widget-heading\" data-id=\"0a7b6b5\" data-element_type=\"widget\" data-widget_type=\"heading.default\">\n\t\t\t\t<div class=\"elementor-widget-container\">\n\t\t\t<h2 class=\"elementor-heading-title elementor-size-default\"><b>Le dernier envol du m\u00e9decin g\u00e9n\u00e9ral inspecteur Val\u00e9rie Andr\u00e9<br><\/b><\/h2>\t\t<\/div>\n\t\t\t\t<\/div>\n\t\t\t\t\t<\/div>\n\t\t<\/div>\n\t\t\t\t\t<\/div>\n\t\t<\/section>\n\t\t\t\t<section class=\"elementor-section elementor-top-section elementor-element elementor-element-f900b77 elementor-section-boxed elementor-section-height-default elementor-section-height-default\" data-id=\"f900b77\" data-element_type=\"section\">\n\t\t\t\t\t\t<div class=\"elementor-container elementor-column-gap-default\">\n\t\t\t\t\t<div class=\"elementor-column elementor-col-33 elementor-top-column elementor-element elementor-element-258c266\" data-id=\"258c266\" data-element_type=\"column\">\n\t\t\t<div class=\"elementor-widget-wrap elementor-element-populated\">\n\t\t\t\t\t\t<div class=\"elementor-element elementor-element-2dfa294 elementor-widget elementor-widget-image\" data-id=\"2dfa294\" data-element_type=\"widget\" data-widget_type=\"image.default\">\n\t\t\t\t<div class=\"elementor-widget-container\">\n\t\t\t\t\t\t\t\t\t\t\t\t\t<img fetchpriority=\"high\" decoding=\"async\" width=\"684\" height=\"1024\" src=\"https:\/\/antam.ovh\/wp-content\/uploads\/2025\/01\/20250125-valerie-andree-684x1024.jpg\" class=\"attachment-large size-large wp-image-11548\" alt=\"\" srcset=\"https:\/\/antam.ovh\/wp-content\/uploads\/2025\/01\/20250125-valerie-andree-684x1024.jpg 684w, https:\/\/antam.ovh\/wp-content\/uploads\/2025\/01\/20250125-valerie-andree-200x300.jpg 200w, https:\/\/antam.ovh\/wp-content\/uploads\/2025\/01\/20250125-valerie-andree.jpg 707w\" sizes=\"(max-width: 684px) 100vw, 684px\" \/>\t\t\t\t\t\t\t\t\t\t\t\t\t<\/div>\n\t\t\t\t<\/div>\n\t\t\t\t\t<\/div>\n\t\t<\/div>\n\t\t\t\t<div class=\"elementor-column elementor-col-66 elementor-top-column elementor-element elementor-element-6164b17\" data-id=\"6164b17\" data-element_type=\"column\">\n\t\t\t<div class=\"elementor-widget-wrap elementor-element-populated\">\n\t\t\t\t\t\t<div class=\"elementor-element elementor-element-f47136c elementor-widget elementor-widget-text-editor\" data-id=\"f47136c\" data-element_type=\"widget\" data-widget_type=\"text-editor.default\">\n\t\t\t\t<div class=\"elementor-widget-container\">\n\t\t\t\t\t\t\t<p>\u00a0<\/p><p>\u00a0<\/p><p>Le 2 septembre 2010, \u00e0 Villacoublay, le m\u00e9decin g\u00e9n\u00e9ral inspecteur Val\u00e9rie Andr\u00e9 se voit remettre le brevet 001 de pilote militaire d\u2019h\u00e9licopt\u00e8re par le g\u00e9n\u00e9ral Palom\u00e9ros, 60 ans apr\u00e8s avoir re\u00e7u le brevet civil.<\/p><div>\u00a0<\/div>\t\t\t\t\t\t<\/div>\n\t\t\t\t<\/div>\n\t\t\t\t\t<\/div>\n\t\t<\/div>\n\t\t\t\t\t<\/div>\n\t\t<\/section>\n\t\t\t\t<section class=\"elementor-section elementor-top-section elementor-element elementor-element-bf90bdf elementor-section-boxed elementor-section-height-default elementor-section-height-default\" data-id=\"bf90bdf\" data-element_type=\"section\">\n\t\t\t\t\t\t<div class=\"elementor-container elementor-column-gap-default\">\n\t\t\t\t\t<div class=\"elementor-column elementor-col-100 elementor-top-column elementor-element elementor-element-7cd4901\" data-id=\"7cd4901\" data-element_type=\"column\">\n\t\t\t<div class=\"elementor-widget-wrap elementor-element-populated\">\n\t\t\t\t\t\t<div class=\"elementor-element elementor-element-38010b6 elementor-widget elementor-widget-text-editor\" data-id=\"38010b6\" data-element_type=\"widget\" data-widget_type=\"text-editor.default\">\n\t\t\t\t<div class=\"elementor-widget-container\">\n\t\t\t\t\t\t\t<p>Avec plus de 4 200 heures de vol et 496 missions de guerre, le m\u00e9decin g\u00e9n\u00e9ral inspecteur Val\u00e9rie Andr\u00e9 vient de prendre son dernier envol pour rejoindre le paradis des aviateurs ce 21 janvier 2025 dans sa 103e ann\u00e9e.<\/p><p>Elle aura eu une carri\u00e8re militaire hors du commun qui aura profond\u00e9ment fait \u00e9voluer la place des femmes au sein de l\u2019Institution o\u00f9 elle aura \u00e9t\u00e9 une pionni\u00e8re.<\/p><p>\u00a0<\/p><p>A 16 ans, elle prend des cours de pilotage mais la guerre interrompt ce projet : \u00a0 ce sera m\u00e9decine \u00e0 Clermont Ferrand o\u00f9 l\u2019appel \u00e0 servir lanc\u00e9 par le doyen la d\u00e9cide \u00e0 s\u2019engager comme m\u00e9decin parachutiste en Extr\u00eame-Orient en 1948. Pendant deux ans, elle soigne les bless\u00e9s parfois apr\u00e8s avoir \u00e9t\u00e9 parachut\u00e9e au c\u0153ur des combats.<\/p><p>\u00a0<\/p><p>En 1950, le m\u00e9decin-capitaine Val\u00e9rie Andr\u00e9 d\u00e9couvre les deux premiers h\u00e9licopt\u00e8res acquis par le service de sant\u00e9, qu\u2019elle convainc d\u2019admettre qu\u2019un m\u00e9decin pilote permettrait de sauver plus de soldats. Elle est la premi\u00e8re femme \u00e0 obtenir en France son brevet de de pilote d\u2019h\u00e9licopt\u00e8re \u00e0 28 ans. \u00a0De retour en Indochine, elle rejoint l\u2019unit\u00e9 du capitaine Santini, pionnier de l\u2019emploi des h\u00e9licopt\u00e8res dans les arm\u00e9es fran\u00e7aises, et affronte de nombreuses fois la mort pour arracher \u00ab ses \u00bb bless\u00e9s de la mort dans des conditions de vol difficiles sans carte pr\u00e9cise et sans moyens de radionavigation.Le capitaine Val\u00e9rie Andr\u00e9 est la premi\u00e8re femme au monde \u00e0 piloter un h\u00e9licopt\u00e8re sur un champ de bataille.<\/p><p>De retour en France, elle continue ses activit\u00e9s de m\u00e9decin et de pilote avant de rejoindre, sur sa demande, le th\u00e9\u00e2tre alg\u00e9rien en 1959 apr\u00e8s avoir r\u00e9ussi sa qualification sur H-34. En 1961, elle totalise plus de 350 missions de guerre, deux citations \u00e0 l\u2019ordre du corps a\u00e9rien avec croix de la valeur militaire et a surv\u00e9cu miraculeusement au crash de son h\u00e9licopt\u00e8re.\u00a0<\/p><p>\u00a0<\/p><p>De retour en France, elle va se battre pour faire reconna\u00eetre la place des femmes dans les arm\u00e9es. Elle devient la premi\u00e8re femme colonel des arm\u00e9es fran\u00e7aises en 1970 et acc\u00e8de au grade de g\u00e9n\u00e9ral en 1976 comme directeur du service de sant\u00e9 de la 2ieme RA. A la t\u00eate de la commission \u00ab \u00e9tude prospective de la femme militaire \u00bb elle se bat et obtient que les femmes puissent acc\u00e9der \u00e0 toutes les sp\u00e9cialit\u00e9s. Elle termine sa carri\u00e8re avec une troisi\u00e8me \u00e9toile comme Inspecteur du service de sant\u00e9 des arm\u00e9es.<\/p><p>\u00a0<\/p><p>Au d\u00e9but des ann\u00e9es 80, elle fait partie de l\u2019\u00e9quipe fondatrice de l\u2019acad\u00e9mie nationale de l\u2019air et de l\u2019espace au c\u00f4t\u00e9 d\u2019Andr\u00e9 Turcat. Aussi longtemps que sa sant\u00e9 le lui permit, elle assista aux c\u00e9r\u00e9monies militaires du CIEH et \u00e0 celles se d\u00e9roulant \u00e0 Villacoublay, ainsi qu\u2019aux AG de l\u2019ANTAM et de l\u2019AHA. \u00a0<\/p><p>Femme au caract\u00e8re bien tremp\u00e9, pugnace et dont l\u2019abn\u00e9gation \u00e0 servir son pays a suscit\u00e9 de nombreuses vocations chez des jeunes femmes, le m\u00e9decin g\u00e9n\u00e9ral inspecteur Val\u00e9rie Andr\u00e9 est pour nous d\u2019abord une pilote qui fait partie des pionniers de l\u2019emploi de l\u2019h\u00e9licopt\u00e8re sur le champ de bataille au service des bless\u00e9s, mais aussi celle qui permit aux femmes d\u2019acc\u00e9der \u00e0 tous les m\u00e9tiers militaires.\u00a0<\/p><p>\u00ab Son statut de g\u00e9n\u00e9ral, elle ne le doit qu\u2019\u00e0 son courage hors norme et \u00e0 un parcours digne des plus grands h\u00e9ros de l\u2019histoire du 20e si\u00e8cle. C\u2019est bien pour ce qu\u2019elle a fait et pour ce qu\u2019elle a \u00e9t\u00e9, que Val\u00e9rie Andr\u00e9 est entr\u00e9e dans la l\u00e9gende de son vivant. \u00bb<\/p><p>Mon g\u00e9n\u00e9ral, bon vol vers le panth\u00e9on c\u00e9leste de celles et ceux qui ont fait l\u2019arm\u00e9e de l\u2019air et de l\u2019espace, une place de choix, bien m\u00e9rit\u00e9e, vous attend \u00e0 c\u00f4t\u00e9 de votre \u00e9poux Alexis Santini.<\/p><p>\u00a0<\/p><p>Inspir\u00e9 de l\u2019article du Col SANSU \u00e0 paraitre dans le prochain num\u00e9ro d\u2019ANTAM info.<\/p>\t\t\t\t\t\t<\/div>\n\t\t\t\t<\/div>\n\t\t\t\t\t<\/div>\n\t\t<\/div>\n\t\t\t\t\t<\/div>\n\t\t<\/section>\n\t\t\t\t<section class=\"elementor-section elementor-top-section elementor-element elementor-element-8a6ce7d elementor-section-boxed elementor-section-height-default elementor-section-height-default\" data-id=\"8a6ce7d\" data-element_type=\"section\">\n\t\t\t\t\t\t<div class=\"elementor-container elementor-column-gap-default\">\n\t\t\t\t\t<div class=\"elementor-column elementor-col-100 elementor-top-column elementor-element elementor-element-a4c5d2e\" data-id=\"a4c5d2e\" data-element_type=\"column\">\n\t\t\t<div class=\"elementor-widget-wrap elementor-element-populated\">\n\t\t\t\t\t\t<div class=\"elementor-element elementor-element-d43ae7d elementor-widget elementor-widget-image\" data-id=\"d43ae7d\" data-element_type=\"widget\" data-widget_type=\"image.default\">\n\t\t\t\t<div class=\"elementor-widget-container\">\n\t\t\t\t\t\t\t\t\t\t\t\t\t<img decoding=\"async\" width=\"680\" height=\"1024\" src=\"https:\/\/antam.ovh\/wp-content\/uploads\/2025\/01\/20250125-valerie-andree2-680x1024.jpg\" class=\"attachment-large size-large wp-image-11549\" alt=\"\" srcset=\"https:\/\/antam.ovh\/wp-content\/uploads\/2025\/01\/20250125-valerie-andree2-680x1024.jpg 680w, https:\/\/antam.ovh\/wp-content\/uploads\/2025\/01\/20250125-valerie-andree2-199x300.jpg 199w, https:\/\/antam.ovh\/wp-content\/uploads\/2025\/01\/20250125-valerie-andree2-768x1156.jpg 768w, https:\/\/antam.ovh\/wp-content\/uploads\/2025\/01\/20250125-valerie-andree2.jpg 906w\" sizes=\"(max-width: 680px) 100vw, 680px\" \/>\t\t\t\t\t\t\t\t\t\t\t\t\t<\/div>\n\t\t\t\t<\/div>\n\t\t\t\t\t<\/div>\n\t\t<\/div>\n\t\t\t\t\t<\/div>\n\t\t<\/section>\n\t\t\t\t<section class=\"elementor-section elementor-top-section elementor-element elementor-element-8e5d4de elementor-section-boxed elementor-section-height-default elementor-section-height-default\" data-id=\"8e5d4de\" data-element_type=\"section\">\n\t\t\t\t\t\t<div class=\"elementor-container elementor-column-gap-default\">\n\t\t\t\t\t<div class=\"elementor-column elementor-col-100 elementor-top-column elementor-element elementor-element-e9ccdae\" data-id=\"e9ccdae\" data-element_type=\"column\">\n\t\t\t<div class=\"elementor-widget-wrap elementor-element-populated\">\n\t\t\t\t\t\t<div class=\"elementor-element elementor-element-742cf19 elementor-widget elementor-widget-text-editor\" data-id=\"742cf19\" data-element_type=\"widget\" data-widget_type=\"text-editor.default\">\n\t\t\t\t<div class=\"elementor-widget-container\">\n\t\t\t\t\t\t\t<p style=\"text-align: center;\">Inauguration du hall d\u00e9di\u00e9 aux h\u00e9licopt\u00e8res au mus\u00e9e de l\u2019Air et de l\u2019espace le 12 mars 2011 avec Catherine Maunoury, directrice du mus\u00e9e et championne du monde de voltige a\u00e9rienne<\/p>\t\t\t\t\t\t<\/div>\n\t\t\t\t<\/div>\n\t\t\t\t\t<\/div>\n\t\t<\/div>\n\t\t\t\t\t<\/div>\n\t\t<\/section>\n\t\t\t\t<\/div>\n\t\t","protected":false},"excerpt":{"rendered":"<p>Le dernier envol du m\u00e9decin g\u00e9n\u00e9ral inspecteur Val\u00e9rie Andr\u00e9 \u00a0 \u00a0 Le 2 septembre 2010, \u00e0 Villacoublay, le m\u00e9decin g\u00e9n\u00e9ral inspecteur Val\u00e9rie Andr\u00e9 se voit remettre le brevet 001 de pilote militaire d\u2019h\u00e9licopt\u00e8re par le g\u00e9n\u00e9ral Palom\u00e9ros, 60 ans apr\u00e8s avoir re\u00e7u le brevet civil. \u00a0 Avec plus de 4 200 heures de vol et [&hellip;]<\/p>\n","protected":false},"author":676,"featured_media":0,"comment_status":"closed","ping_status":"closed","sticky":false,"template":"","format":"standard","meta":[],"categories":[15],"tags":[],"_links":{"self":[{"href":"https:\/\/antam.ovh\/index.php\/wp-json\/wp\/v2\/posts\/11546"}],"collection":[{"href":"https:\/\/antam.ovh\/index.php\/wp-json\/wp\/v2\/posts"}],"about":[{"href":"https:\/\/antam.ovh\/index.php\/wp-json\/wp\/v2\/types\/post"}],"author":[{"embeddable":true,"href":"https:\/\/antam.ovh\/index.php\/wp-json\/wp\/v2\/users\/676"}],"replies":[{"embeddable":true,"href":"https:\/\/antam.ovh\/index.php\/wp-json\/wp\/v2\/comments?post=11546"}],"version-history":[{"count":36,"href":"https:\/\/antam.ovh\/index.php\/wp-json\/wp\/v2\/posts\/11546\/revisions"}],"predecessor-version":[{"id":11607,"href":"https:\/\/antam.ovh\/index.php\/wp-json\/wp\/v2\/posts\/11546\/revisions\/11607"}],"wp:attachment":[{"href":"https:\/\/antam.ovh\/index.php\/wp-json\/wp\/v2\/media?parent=11546"}],"wp:term":[{"taxonomy":"category","embeddable":true,"href":"https:\/\/antam.ovh\/index.php\/wp-json\/wp\/v2\/categories?post=11546"},{"taxonomy":"post_tag","embeddable":true,"href":"https:\/\/antam.ovh\/index.php\/wp-json\/wp\/v2\/tags?post=11546"}],"curies":[{"name":"wp","href":"https:\/\/api.w.org\/{rel}","templated":true}]}}