{"id":5368,"date":"2021-03-22T10:50:55","date_gmt":"2021-03-22T09:50:55","guid":{"rendered":"http:\/\/antam.ovh\/?p=5368"},"modified":"2021-07-18T22:50:47","modified_gmt":"2021-07-18T20:50:47","slug":"actualites-tam","status":"publish","type":"post","link":"https:\/\/antam.ovh\/index.php\/2021\/03\/22\/actualites-tam\/","title":{"rendered":"Actualit\u00e9s TAM"},"content":{"rendered":"\t\t<div data-elementor-type=\"wp-post\" data-elementor-id=\"5368\" class=\"elementor elementor-5368\">\n\t\t\t\t\t\t<section class=\"elementor-section elementor-top-section elementor-element elementor-element-f043447 elementor-section-boxed elementor-section-height-default elementor-section-height-default\" data-id=\"f043447\" data-element_type=\"section\">\n\t\t\t\t\t\t<div class=\"elementor-container elementor-column-gap-default\">\n\t\t\t\t\t<div class=\"elementor-column elementor-col-100 elementor-top-column elementor-element elementor-element-7d8d1c2\" data-id=\"7d8d1c2\" data-element_type=\"column\">\n\t\t\t<div class=\"elementor-widget-wrap elementor-element-populated\">\n\t\t\t\t\t\t<div class=\"elementor-element elementor-element-4eb11c4 elementor-widget elementor-widget-text-editor\" data-id=\"4eb11c4\" data-element_type=\"widget\" data-widget_type=\"text-editor.default\">\n\t\t\t\t<div class=\"elementor-widget-container\">\n\t\t\t\t\t\t\t<div class=\"blocVisu\"><a href=\"https:\/\/www.defense.gouv.fr\/air\/actus-air\/la-base-aerienne-105-d-evreux-receptionne-son-tout-premier-c130j\"><img decoding=\"async\" class=\"ezimage-field alignleft\" src=\"https:\/\/www.defense.gouv.fr\/var\/dicod\/storage\/images\/base-de-medias\/images\/air\/actualites\/images-2021\/c130j-a-evreux-1\/10353794-1-fre-FR\/c130j-a-evreux-1_vignette_actu.jpg\" alt=\"\" width=\"\" height=\"\" \/><\/a><a class=\"lien-flech\" href=\"https:\/\/www.defense.gouv.fr\/air\/actus-air\/la-base-aerienne-105-d-evreux-receptionne-son-tout-premier-c130j\"><span class=\"ezstring-field\">La base a\u00e9rienne 105 d\u2019\u00c9vreux r\u00e9ceptionne son tout premier C130J<\/span><\/a><p>L\u2019emprise d\u2019\u00c9vreux a re\u00e7u, en son sein, son tout premier C130J. L\u2019arriv\u00e9e de l\u2019appareil marque les premiers..<\/p><\/div>\t\t\t\t\t\t<\/div>\n\t\t\t\t<\/div>\n\t\t\t\t\t<\/div>\n\t\t<\/div>\n\t\t\t\t\t<\/div>\n\t\t<\/section>\n\t\t\t\t<section class=\"elementor-section elementor-top-section elementor-element elementor-element-26078b0 elementor-section-boxed elementor-section-height-default elementor-section-height-default\" data-id=\"26078b0\" data-element_type=\"section\">\n\t\t\t\t\t\t<div class=\"elementor-container elementor-column-gap-default\">\n\t\t\t\t\t<div class=\"elementor-column elementor-col-100 elementor-top-column elementor-element elementor-element-72f5652\" data-id=\"72f5652\" data-element_type=\"column\">\n\t\t\t<div class=\"elementor-widget-wrap elementor-element-populated\">\n\t\t\t\t\t\t<div class=\"elementor-element elementor-element-caf222c elementor-widget elementor-widget-text-editor\" data-id=\"caf222c\" data-element_type=\"widget\" data-widget_type=\"text-editor.default\">\n\t\t\t\t<div class=\"elementor-widget-container\">\n\t\t\t\t\t\t\t<div class=\"blocVisu\"><a href=\"https:\/\/www.defense.gouv.fr\/air\/actus-air\/14-juillet-2021-embarquement-a-bord-d-un-c-130j\"><img decoding=\"async\" class=\"ezimage-field alignleft\" src=\"https:\/\/www.defense.gouv.fr\/var\/dicod\/storage\/images\/base-de-medias\/images\/air\/actualites\/images-2021\/14-juillet\/c130j-2\/10352105-1-fre-FR\/c130j-2_vignette_actu.jpg\" alt=\"\" width=\"\" height=\"\" \/><\/a><a class=\"lien-flech\" href=\"https:\/\/www.defense.gouv.fr\/air\/actus-air\/14-juillet-2021-embarquement-a-bord-d-un-c-130j\"><span class=\"ezstring-field\">14 Juillet 2021 : Embarquement \u00e0 bord d\u2019un C-130J<\/span><\/a><p>Chasseurs, h\u00e9licopt\u00e8res, transporteurs : tous prennent part au d\u00e9fil\u00e9 a\u00e9rien pour le 14 Juillet. Apr\u00e8s des mois&#8230;<\/p><\/div>\t\t\t\t\t\t<\/div>\n\t\t\t\t<\/div>\n\t\t\t\t\t<\/div>\n\t\t<\/div>\n\t\t\t\t\t<\/div>\n\t\t<\/section>\n\t\t\t\t<section class=\"elementor-section elementor-top-section elementor-element elementor-element-06a8ec8 elementor-section-boxed elementor-section-height-default elementor-section-height-default\" data-id=\"06a8ec8\" data-element_type=\"section\">\n\t\t\t\t\t\t<div class=\"elementor-container elementor-column-gap-default\">\n\t\t\t\t\t<div class=\"elementor-column elementor-col-100 elementor-top-column elementor-element elementor-element-63cf2e2\" data-id=\"63cf2e2\" data-element_type=\"column\">\n\t\t\t<div class=\"elementor-widget-wrap elementor-element-populated\">\n\t\t\t\t\t\t<div class=\"elementor-element elementor-element-9eab062 elementor-widget elementor-widget-text-editor\" data-id=\"9eab062\" data-element_type=\"widget\" data-widget_type=\"text-editor.default\">\n\t\t\t\t<div class=\"elementor-widget-container\">\n\t\t\t\t\t\t\t<div class=\"blocVisu\"><a href=\"https:\/\/www.defense.gouv.fr\/air\/actus-air\/echange-d-helicopteres-fennec-en-guyane\"><img decoding=\"async\" class=\"ezimage-field alignleft\" src=\"https:\/\/www.defense.gouv.fr\/var\/dicod\/storage\/images\/base-de-medias\/images\/air\/actualites\/images-2021\/juillet-2021\/echange-fennec-guyane-3\/10341237-1-fre-FR\/echange-fennec-guyane-3_vignette_actu.jpg\" alt=\"\" width=\"\" height=\"\" \/><\/a><a class=\"lien-flech\" href=\"https:\/\/www.defense.gouv.fr\/air\/actus-air\/echange-d-helicopteres-fennec-en-guyane\"><span class=\"ezstring-field\">\u00c9change d\u2019h\u00e9licopt\u00e8res Fennec en Guyane<\/span><\/a><p>Samedi 5 juin 2021, un \u00e9change d\u2019h\u00e9licopt\u00e8re Fennec a eu lieu entre la base a\u00e9rienne (BA) 107 \u00ab Sous-lieutenant&#8230;<\/p><\/div>\t\t\t\t\t\t<\/div>\n\t\t\t\t<\/div>\n\t\t\t\t\t<\/div>\n\t\t<\/div>\n\t\t\t\t\t<\/div>\n\t\t<\/section>\n\t\t\t\t<section class=\"elementor-section elementor-top-section elementor-element elementor-element-6f7edce elementor-section-boxed elementor-section-height-default elementor-section-height-default\" data-id=\"6f7edce\" data-element_type=\"section\">\n\t\t\t\t\t\t<div class=\"elementor-container elementor-column-gap-default\">\n\t\t\t\t\t<div class=\"elementor-column elementor-col-100 elementor-top-column elementor-element elementor-element-a90a134\" data-id=\"a90a134\" data-element_type=\"column\">\n\t\t\t<div class=\"elementor-widget-wrap elementor-element-populated\">\n\t\t\t\t\t\t<div class=\"elementor-element elementor-element-c8c0f3d elementor-widget elementor-widget-text-editor\" data-id=\"c8c0f3d\" data-element_type=\"widget\" data-widget_type=\"text-editor.default\">\n\t\t\t\t<div class=\"elementor-widget-container\">\n\t\t\t\t\t\t\t<div class=\"blocVisu\"><a href=\"https:\/\/www.defense.gouv.fr\/air\/actus-air\/efsoaae-plus-de-600-eleves-recoivent-leur-nom-de-bapteme-sur-la-base-ecole-de-rochefort\"><img decoding=\"async\" class=\"ezimage-field alignleft\" src=\"https:\/\/www.defense.gouv.fr\/var\/dicod\/storage\/images\/base-de-medias\/images\/air\/actualites\/images-2021\/juillet-2021\/bapteme-efsoaae-1\/10340504-1-fre-FR\/bapteme-efsoaae-1_vignette_actu.jpg\" alt=\"\" width=\"\" height=\"\" \/><\/a><a class=\"lien-flech\" href=\"https:\/\/www.defense.gouv.fr\/air\/actus-air\/efsoaae-plus-de-600-eleves-recoivent-leur-nom-de-bapteme-sur-la-base-ecole-de-rochefort\"><span class=\"ezstring-field\">EFSOAAE : plus de 600 \u00e9l\u00e8ves re\u00e7oivent leur nom de bapt\u00eame sur la base \u00e9cole de Rochefort<\/span><\/a><p>Le jeudi 1er juillet 2021, l\u2019\u00c9cole de formation des sous-officiers de l\u2019arm\u00e9e de l\u2019Air et de l\u2019Espace&#8230;<\/p><\/div>\t\t\t\t\t\t<\/div>\n\t\t\t\t<\/div>\n\t\t\t\t\t<\/div>\n\t\t<\/div>\n\t\t\t\t\t<\/div>\n\t\t<\/section>\n\t\t\t\t<section class=\"elementor-section elementor-top-section elementor-element elementor-element-d5c16ce elementor-section-boxed elementor-section-height-default elementor-section-height-default\" data-id=\"d5c16ce\" data-element_type=\"section\">\n\t\t\t\t\t\t<div class=\"elementor-container elementor-column-gap-default\">\n\t\t\t\t\t<div class=\"elementor-column elementor-col-100 elementor-top-column elementor-element elementor-element-fe50f4b\" data-id=\"fe50f4b\" data-element_type=\"column\">\n\t\t\t<div class=\"elementor-widget-wrap elementor-element-populated\">\n\t\t\t\t\t\t<div class=\"elementor-element elementor-element-b32fb3e elementor-widget elementor-widget-text-editor\" data-id=\"b32fb3e\" data-element_type=\"widget\" data-widget_type=\"text-editor.default\">\n\t\t\t\t<div class=\"elementor-widget-container\">\n\t\t\t\t\t\t\t<div class=\"blocVisu\"><a href=\"https:\/\/www.defense.gouv.fr\/air\/actus-air\/embarquement-immediat-au-coeur-d-un-scenario-du-rw-mission-commander-2021\"><img decoding=\"async\" class=\"ezimage-field alignleft\" src=\"https:\/\/www.defense.gouv.fr\/var\/dicod\/storage\/images\/base-de-medias\/images\/air\/actualites\/images-2021\/juin-2021-partie-1\/scenario-mc-2\/10336209-1-fre-FR\/scenario-mc-2_vignette_actu.jpg\" alt=\"\" width=\"\" height=\"\" \/><\/a><a class=\"lien-flech\" href=\"https:\/\/www.defense.gouv.fr\/air\/actus-air\/embarquement-immediat-au-coeur-d-un-scenario-du-rw-mission-commander-2021\"><span class=\"ezstring-field\">Embarquement imm\u00e9diat au c\u0153ur d\u2019un sc\u00e9nario du RW Mission Commander 2021<\/span><\/a><p>Le 29 juin 2021, ce ne sont pas les Alphajet de la Patrouille de France qui volaient au-dessus de la base a\u00e9rienne&#8230; Dans le sud de la France se trouve le pays factice d\u2019Erewhon, dont la capitale \u00e9conomique est Salon-de-Provence. La..<\/p><\/div>\t\t\t\t\t\t<\/div>\n\t\t\t\t<\/div>\n\t\t\t\t\t<\/div>\n\t\t<\/div>\n\t\t\t\t\t<\/div>\n\t\t<\/section>\n\t\t\t\t<section class=\"elementor-section elementor-top-section elementor-element elementor-element-994d0fa elementor-section-boxed elementor-section-height-default elementor-section-height-default\" data-id=\"994d0fa\" data-element_type=\"section\">\n\t\t\t\t\t\t<div class=\"elementor-container elementor-column-gap-default\">\n\t\t\t\t\t<div class=\"elementor-column elementor-col-100 elementor-top-column elementor-element elementor-element-4cb90ab\" data-id=\"4cb90ab\" data-element_type=\"column\">\n\t\t\t<div class=\"elementor-widget-wrap elementor-element-populated\">\n\t\t\t\t\t\t<div class=\"elementor-element elementor-element-8024af5 elementor-widget elementor-widget-text-editor\" data-id=\"8024af5\" data-element_type=\"widget\" data-widget_type=\"text-editor.default\">\n\t\t\t\t<div class=\"elementor-widget-container\">\n\t\t\t\t\t\t\t<div class=\"blocVisu\"><a href=\"https:\/\/www.defense.gouv.fr\/air\/actus-air\/capitaine-benjamin-pilote-de-fennec-et-candidat-au-rw-mc-course-2021\"><img decoding=\"async\" class=\"ezimage-field alignleft\" src=\"https:\/\/www.defense.gouv.fr\/var\/dicod\/storage\/images\/base-de-medias\/images\/air\/actualites\/images-2021\/juin-2021-partie-1\/mccourse_portrait_cnebenjamin\/10335002-1-fre-FR\/mccourse_portrait_cnebenjamin_vignette_actu.png\" alt=\"\" width=\"\" height=\"\" \/><\/a><a class=\"lien-flech\" href=\"https:\/\/www.defense.gouv.fr\/air\/actus-air\/capitaine-benjamin-pilote-de-fennec-et-candidat-au-rw-mc-course-2021\"><span class=\"ezstring-field\">Capitaine Benjamin : pilote de Fennec et candidat au RW MC Course 2021<\/span><\/a><p>Le capitaine Benjamin est pilote de Fennec. En 2015, il int\u00e8gre l&rsquo;escadron d\u2019h\u00e9licopt\u00e8res 3\/67..<\/p><\/div>\t\t\t\t\t\t<\/div>\n\t\t\t\t<\/div>\n\t\t\t\t\t<\/div>\n\t\t<\/div>\n\t\t\t\t\t<\/div>\n\t\t<\/section>\n\t\t\t\t<section class=\"elementor-section elementor-top-section elementor-element elementor-element-fa82629 elementor-section-boxed elementor-section-height-default elementor-section-height-default\" data-id=\"fa82629\" data-element_type=\"section\">\n\t\t\t\t\t\t<div class=\"elementor-container elementor-column-gap-default\">\n\t\t\t\t\t<div class=\"elementor-column elementor-col-100 elementor-top-column elementor-element elementor-element-2156d43\" data-id=\"2156d43\" data-element_type=\"column\">\n\t\t\t<div class=\"elementor-widget-wrap elementor-element-populated\">\n\t\t\t\t\t\t<div class=\"elementor-element elementor-element-dc7524f elementor-widget elementor-widget-text-editor\" data-id=\"dc7524f\" data-element_type=\"widget\" data-widget_type=\"text-editor.default\">\n\t\t\t\t<div class=\"elementor-widget-container\">\n\t\t\t\t\t\t\t<div class=\"blocVisu\"><a href=\"https:\/\/www.defense.gouv.fr\/air\/actus-air\/rw-mc-course-2021-une-edition-marquee-par-la-participation-de-la-royal-air-force\"><img decoding=\"async\" class=\"ezimage-field alignleft\" src=\"https:\/\/www.defense.gouv.fr\/var\/dicod\/storage\/images\/base-de-medias\/images\/air\/actualites\/images-2021\/juin-2021-partie-1\/mc-course-helico-1\/10333747-1-fre-FR\/mc-course-helico-1_vignette_actu.jpg\" alt=\"\" width=\"\" height=\"\" \/><\/a><a class=\"lien-flech\" href=\"https:\/\/www.defense.gouv.fr\/air\/actus-air\/rw-mc-course-2021-une-edition-marquee-par-la-participation-de-la-royal-air-force\"><span class=\"ezstring-field\">RW MC &#8211; Course 2021 : une \u00e9dition marqu\u00e9e par la participation de la Royal Air Force<\/span><\/a><p>Le Rotary Wing Mission Commander &#8211; Course se poursuit sur la base a\u00e9rienne 115 d\u2019Orange. Depuis plus..<\/p><\/div>\t\t\t\t\t\t<\/div>\n\t\t\t\t<\/div>\n\t\t\t\t\t<\/div>\n\t\t<\/div>\n\t\t\t\t\t<\/div>\n\t\t<\/section>\n\t\t\t\t<section class=\"elementor-section elementor-top-section elementor-element elementor-element-cc3296f elementor-section-boxed elementor-section-height-default elementor-section-height-default\" data-id=\"cc3296f\" data-element_type=\"section\">\n\t\t\t\t\t\t<div class=\"elementor-container elementor-column-gap-default\">\n\t\t\t\t\t<div class=\"elementor-column elementor-col-100 elementor-top-column elementor-element elementor-element-6fa7d12\" data-id=\"6fa7d12\" data-element_type=\"column\">\n\t\t\t<div class=\"elementor-widget-wrap elementor-element-populated\">\n\t\t\t\t\t\t<div class=\"elementor-element elementor-element-28b968d elementor-widget elementor-widget-text-editor\" data-id=\"28b968d\" data-element_type=\"widget\" data-widget_type=\"text-editor.default\">\n\t\t\t\t<div class=\"elementor-widget-container\">\n\t\t\t\t\t\t\t<div class=\"blocVisu\"><a href=\"https:\/\/www.defense.gouv.fr\/air\/actus-air\/celebration-des-75-ans-du-ciet-sur-la-base-aerienne-123-d-orleans-bricy\"><img decoding=\"async\" class=\"ezimage-field alignleft\" src=\"https:\/\/www.defense.gouv.fr\/var\/dicod\/storage\/images\/base-de-medias\/images\/air\/actualites\/images-2021\/juin-2021-partie-1\/75-ans-du-ciet-2\/10332319-1-fre-FR\/75-ans-du-ciet-2_vignette_actu.jpg\" alt=\"\" width=\"\" height=\"\" \/><\/a><a class=\"lien-flech\" href=\"https:\/\/www.defense.gouv.fr\/air\/actus-air\/celebration-des-75-ans-du-ciet-sur-la-base-aerienne-123-d-orleans-bricy\"><span class=\"ezstring-field\">C\u00e9l\u00e9bration des 75 ans du CIET sur la base a\u00e9rienne 123 d\u2019Orl\u00e9ans-Bricy<\/span><\/a><p>Le vendredi 25 juin 2021, le Centre d\u2019instruction des \u00e9quipages de transport (CIET) 340 \u00ab G\u00e9n\u00e9ral Lionel de&#8230; .<\/p><\/div>\t\t\t\t\t\t<\/div>\n\t\t\t\t<\/div>\n\t\t\t\t\t<\/div>\n\t\t<\/div>\n\t\t\t\t\t<\/div>\n\t\t<\/section>\n\t\t\t\t<section class=\"elementor-section elementor-top-section elementor-element elementor-element-892f980 elementor-section-boxed elementor-section-height-default elementor-section-height-default\" data-id=\"892f980\" data-element_type=\"section\">\n\t\t\t\t\t\t<div class=\"elementor-container elementor-column-gap-default\">\n\t\t\t\t\t<div class=\"elementor-column elementor-col-100 elementor-top-column elementor-element elementor-element-ca547e5\" data-id=\"ca547e5\" data-element_type=\"column\">\n\t\t\t<div class=\"elementor-widget-wrap elementor-element-populated\">\n\t\t\t\t\t\t<div class=\"elementor-element elementor-element-4c5a82a elementor-widget elementor-widget-text-editor\" data-id=\"4c5a82a\" data-element_type=\"widget\" data-widget_type=\"text-editor.default\">\n\t\t\t\t<div class=\"elementor-widget-container\">\n\t\t\t\t\t\t\t<div class=\"blocVisu\"><a href=\"https:\/\/www.defense.gouv.fr\/air\/actus-air\/un-da40-secouru-par-la-permanence-operationnelle-helicopteres\"><img decoding=\"async\" class=\"ezimage-field alignleft\" src=\"https:\/\/www.defense.gouv.fr\/var\/dicod\/storage\/images\/base-de-medias\/images\/air\/actualites\/images-2021\/juin-2021-partie-1\/intervention-po-helico-3\/10331452-1-fre-FR\/intervention-po-helico-3_vignette_actu.jpg\" alt=\"\" width=\"\" height=\"\" \/><\/a><a class=\"lien-flech\" href=\"https:\/\/www.defense.gouv.fr\/air\/actus-air\/un-da40-secouru-par-la-permanence-operationnelle-helicopteres\"><span class=\"ezstring-field\">Un DA40 secouru par la permanence op\u00e9rationnelle h\u00e9licopt\u00e8res<\/span><\/a><p>Le mardi 8 juin, la permanence op\u00e9rationnelle (PO) h\u00e9licopt\u00e8res de la base a\u00e9rienne (BA) 106 a re\u00e7u l\u2019ordre.<\/p><\/div>\t\t\t\t\t\t<\/div>\n\t\t\t\t<\/div>\n\t\t\t\t\t<\/div>\n\t\t<\/div>\n\t\t\t\t\t<\/div>\n\t\t<\/section>\n\t\t\t\t<section class=\"elementor-section elementor-top-section elementor-element elementor-element-b0a80fc elementor-section-boxed elementor-section-height-default elementor-section-height-default\" data-id=\"b0a80fc\" data-element_type=\"section\">\n\t\t\t\t\t\t<div class=\"elementor-container elementor-column-gap-default\">\n\t\t\t\t\t<div class=\"elementor-column elementor-col-100 elementor-top-column elementor-element elementor-element-f16225d\" data-id=\"f16225d\" data-element_type=\"column\">\n\t\t\t<div class=\"elementor-widget-wrap elementor-element-populated\">\n\t\t\t\t\t\t<div class=\"elementor-element elementor-element-5a7ebfd elementor-widget elementor-widget-text-editor\" data-id=\"5a7ebfd\" data-element_type=\"widget\" data-widget_type=\"text-editor.default\">\n\t\t\t\t<div class=\"elementor-widget-container\">\n\t\t\t\t\t\t\t<div class=\"blocVisu\"><a href=\"https:\/\/www.defense.gouv.fr\/air\/actus-air\/ffdj-engagement-du-casa-en-afrique-centrale\"><img decoding=\"async\" class=\"ezimage-field alignleft\" src=\"https:\/\/www.defense.gouv.fr\/var\/dicod\/storage\/images\/base-de-medias\/images\/air\/actualites\/images-2021\/juin-2021-partie-1\/ffdj-casa-afrique-centrale\/10330783-1-fre-FR\/ffdj-casa-afrique-centrale_vignette_actu.jpg\" alt=\"\" width=\"\" height=\"\" \/><\/a><a class=\"lien-flech\" href=\"https:\/\/www.defense.gouv.fr\/air\/actus-air\/ffdj-engagement-du-casa-en-afrique-centrale\"><span class=\"ezstring-field\">FFDj : engagement du Casa en Afrique centrale<\/span><\/a><p>L\u2019avion de transport tactique Casa des Forces fran\u00e7aises stationn\u00e9es \u00e0 Djibouti (FFDJ) a \u00e9t\u00e9 d\u00e9ploy\u00e9 en Afrique..<\/p><\/div>\t\t\t\t\t\t<\/div>\n\t\t\t\t<\/div>\n\t\t\t\t\t<\/div>\n\t\t<\/div>\n\t\t\t\t\t<\/div>\n\t\t<\/section>\n\t\t\t\t<section class=\"elementor-section elementor-top-section elementor-element elementor-element-7b58324 elementor-section-boxed elementor-section-height-default elementor-section-height-default\" data-id=\"7b58324\" data-element_type=\"section\">\n\t\t\t\t\t\t<div class=\"elementor-container elementor-column-gap-default\">\n\t\t\t\t\t<div class=\"elementor-column elementor-col-100 elementor-top-column elementor-element elementor-element-653053d\" data-id=\"653053d\" data-element_type=\"column\">\n\t\t\t<div class=\"elementor-widget-wrap elementor-element-populated\">\n\t\t\t\t\t\t<div class=\"elementor-element elementor-element-ed8558c elementor-widget elementor-widget-text-editor\" data-id=\"ed8558c\" data-element_type=\"widget\" data-widget_type=\"text-editor.default\">\n\t\t\t\t<div class=\"elementor-widget-container\">\n\t\t\t\t\t\t\t<div class=\"blocVisu\"><a href=\"https:\/\/www.defense.gouv.fr\/air\/actus-air\/entrainement-tactique-des-escadrons-de-transport-sur-le-da-278\"><img decoding=\"async\" class=\"ezimage-field alignleft\" src=\"https:\/\/www.defense.gouv.fr\/var\/dicod\/storage\/images\/base-de-medias\/images\/air\/actualites\/images-2021\/juin-2021-partie-1\/entrainement-sommaire-6\/10329881-1-fre-FR\/entrainement-sommaire-6_vignette_actu.jpg\" alt=\"\" width=\"\" height=\"\" \/><\/a><a class=\"lien-flech\" href=\"https:\/\/www.defense.gouv.fr\/air\/actus-air\/entrainement-tactique-des-escadrons-de-transport-sur-le-da-278\"><span class=\"ezstring-field\">ntra\u00eenement tactique des escadrons de transport sur le DA 278<\/span><\/a><p>Un entra\u00eenement tactique terrain sommaire a \u00e9t\u00e9 men\u00e9 sur le D\u00e9tachement air (DA) 278 d\u2019Amb\u00e9rieu-en-Bugey, du<\/p><\/div>\t\t\t\t\t\t<\/div>\n\t\t\t\t<\/div>\n\t\t\t\t\t<\/div>\n\t\t<\/div>\n\t\t\t\t\t<\/div>\n\t\t<\/section>\n\t\t\t\t<section class=\"elementor-section elementor-top-section elementor-element elementor-element-c27696c elementor-section-boxed elementor-section-height-default elementor-section-height-default\" data-id=\"c27696c\" data-element_type=\"section\">\n\t\t\t\t\t\t<div class=\"elementor-container elementor-column-gap-default\">\n\t\t\t\t\t<div class=\"elementor-column elementor-col-100 elementor-top-column elementor-element elementor-element-77214f0\" data-id=\"77214f0\" data-element_type=\"column\">\n\t\t\t<div class=\"elementor-widget-wrap elementor-element-populated\">\n\t\t\t\t\t\t<div class=\"elementor-element elementor-element-0ad5937 elementor-widget elementor-widget-text-editor\" data-id=\"0ad5937\" data-element_type=\"widget\" data-widget_type=\"text-editor.default\">\n\t\t\t\t<div class=\"elementor-widget-container\">\n\t\t\t\t\t\t\t<div class=\"blocVisu\"><a href=\"https:\/\/www.defense.gouv.fr\/air\/actus-air\/mc-course-a-la-quete-de-la-qualification-la-plus-haute-d-un-pilote-d-helicopteres\"><img decoding=\"async\" class=\"ezimage-field alignleft\" src=\"https:\/\/www.defense.gouv.fr\/var\/dicod\/storage\/images\/base-de-medias\/images\/air\/actualites\/images-2021\/mc-course-2\/10326157-1-fre-FR\/mc-course-2_vignette_actu.jpg\" alt=\"\" width=\"\" height=\"\" \/><\/a><a class=\"lien-flech\" href=\"https:\/\/www.defense.gouv.fr\/air\/actus-air\/mc-course-a-la-quete-de-la-qualification-la-plus-haute-d-un-pilote-d-helicopteres\"><span class=\"ezstring-field\">MC Course : \u00e0 la qu\u00eate de la qualification la plus haute d\u2019un pilote d\u2019h\u00e9licopt\u00e8res<\/span><\/a><p>Le Rotary Wing Mission Commander Course \u2013 le stage qualifiant \u00ab chef de mission \u00bb des \u00e9quipages h\u00e9licopt\u00e8res&#8230;<\/p><\/div>\t\t\t\t\t\t<\/div>\n\t\t\t\t<\/div>\n\t\t\t\t\t<\/div>\n\t\t<\/div>\n\t\t\t\t\t<\/div>\n\t\t<\/section>\n\t\t\t\t<section class=\"elementor-section elementor-top-section elementor-element elementor-element-d312a15 elementor-section-boxed elementor-section-height-default elementor-section-height-default\" data-id=\"d312a15\" data-element_type=\"section\">\n\t\t\t\t\t\t<div class=\"elementor-container elementor-column-gap-default\">\n\t\t\t\t\t<div class=\"elementor-column elementor-col-100 elementor-top-column elementor-element elementor-element-d97f6cc\" data-id=\"d97f6cc\" data-element_type=\"column\">\n\t\t\t<div class=\"elementor-widget-wrap elementor-element-populated\">\n\t\t\t\t\t\t<div class=\"elementor-element elementor-element-d0a940d elementor-widget elementor-widget-text-editor\" data-id=\"d0a940d\" data-element_type=\"widget\" data-widget_type=\"text-editor.default\">\n\t\t\t\t<div class=\"elementor-widget-container\">\n\t\t\t\t\t\t\t<div class=\"blocVisu\"><a href=\"https:\/\/www.defense.gouv.fr\/air\/actus-air\/ffdj-phase-desertique-a-djibouti-pour-le-stage-qualifiant-belouga\"><img decoding=\"async\" class=\"ezimage-field alignleft\" src=\"https:\/\/www.defense.gouv.fr\/var\/dicod\/storage\/images\/base-de-medias\/images\/air\/actualites\/images-2021\/juin-2021-partie-1\/ffdj-3\/10320292-1-fre-FR\/ffdj-3_vignette_actu.jpg\" alt=\"\" width=\"\" height=\"\" \/><\/a><a class=\"lien-flech\" href=\"https:\/\/www.defense.gouv.fr\/air\/actus-air\/ffdj-phase-desertique-a-djibouti-pour-le-stage-qualifiant-belouga\"><span class=\"ezstring-field\">FFDj : phase d\u00e9sertique \u00e0 Djibouti pour le stage qualifiant Belouga<\/span><\/a><p>Du 22 mai au 8 juin 2021, les Forces fran\u00e7aises stationn\u00e9es \u00e0 Djibouti (FFDJ) ont accueilli un d\u00e9tachement des<\/p><\/div>\t\t\t\t\t\t<\/div>\n\t\t\t\t<\/div>\n\t\t\t\t\t<\/div>\n\t\t<\/div>\n\t\t\t\t\t<\/div>\n\t\t<\/section>\n\t\t\t\t<section class=\"elementor-section elementor-top-section elementor-element elementor-element-5f65a20 elementor-section-boxed elementor-section-height-default elementor-section-height-default\" data-id=\"5f65a20\" data-element_type=\"section\">\n\t\t\t\t\t\t<div class=\"elementor-container elementor-column-gap-default\">\n\t\t\t\t\t<div class=\"elementor-column elementor-col-100 elementor-top-column elementor-element elementor-element-dcb732b\" data-id=\"dcb732b\" data-element_type=\"column\">\n\t\t\t<div class=\"elementor-widget-wrap elementor-element-populated\">\n\t\t\t\t\t\t<div class=\"elementor-element elementor-element-82f8fb1 elementor-widget elementor-widget-text-editor\" data-id=\"82f8fb1\" data-element_type=\"widget\" data-widget_type=\"text-editor.default\">\n\t\t\t\t<div class=\"elementor-widget-container\">\n\t\t\t\t\t\t\t<div class=\"blocVisu\"><a href=\"https:\/\/www.defense.gouv.fr\/air\/actus-air\/au-coeur-du-detachement-air-190-de-tahiti-faa-a\"><img decoding=\"async\" class=\"ezimage-field alignleft\" src=\"https:\/\/www.defense.gouv.fr\/var\/dicod\/storage\/images\/base-de-medias\/images\/air\/actualites\/images-2021\/juin-2021-partie-1\/da-190\/10316401-1-fre-FR\/da-190_vignette_actu.jpg\" alt=\"\" width=\"\" height=\"\" \/><\/a><a class=\"lien-flech\" href=\"https:\/\/www.defense.gouv.fr\/air\/actus-air\/au-coeur-du-detachement-air-190-de-tahiti-faa-a\"><span class=\"ezstring-field\">Au c\u0153ur du d\u00e9tachement air 190 de Tahiti-Faa\u2019a<\/span><\/a><p>Situ\u00e9e \u00e0 24 heures de vol depuis Paris, la Polyn\u00e9sie fran\u00e7aise regroupe 118 \u00eeles couvrant une superficie comparable&#8230; \u00ab Prot\u00e9ger la Polyn\u00e9sie et les Polyn\u00e9siens, ainsi que nos ressortissants dans la zone Asie-Pacifique, et affirmer<\/p><\/div>\t\t\t\t\t\t<\/div>\n\t\t\t\t<\/div>\n\t\t\t\t\t<\/div>\n\t\t<\/div>\n\t\t\t\t\t<\/div>\n\t\t<\/section>\n\t\t\t\t<section class=\"elementor-section elementor-top-section elementor-element elementor-element-6e4f2b3 elementor-section-boxed elementor-section-height-default elementor-section-height-default\" data-id=\"6e4f2b3\" data-element_type=\"section\">\n\t\t\t\t\t\t<div class=\"elementor-container elementor-column-gap-default\">\n\t\t\t\t\t<div class=\"elementor-column elementor-col-100 elementor-top-column elementor-element elementor-element-faf42ad\" data-id=\"faf42ad\" data-element_type=\"column\">\n\t\t\t<div class=\"elementor-widget-wrap elementor-element-populated\">\n\t\t\t\t\t\t<div class=\"elementor-element elementor-element-edf3d48 elementor-widget elementor-widget-text-editor\" data-id=\"edf3d48\" data-element_type=\"widget\" data-widget_type=\"text-editor.default\">\n\t\t\t\t<div class=\"elementor-widget-container\">\n\t\t\t\t\t\t\t<div class=\"blocVisu\"><a href=\"https:\/\/www.defense.gouv.fr\/air\/actus-air\/barkhane-embarquement-avec-un-loadmaster-sur-c-130j\"><img decoding=\"async\" class=\"ezimage-field alignleft\" src=\"https:\/\/www.defense.gouv.fr\/var\/dicod\/storage\/images\/base-de-medias\/images\/air\/actualites\/images-2021\/juin-2021-partie-1\/20210527_bkn_loadmaster-copie-2\/10305931-1-fre-FR\/20210527_bkn_loadmaster-copie-2_vignette_actu.jpg\" alt=\"Barkhane\u202f: Embarquement avec un loadmaster sur C-130J\" width=\"\" height=\"\" \/><\/a><a class=\"lien-flech\" href=\"https:\/\/www.defense.gouv.fr\/air\/actus-air\/barkhane-embarquement-avec-un-loadmaster-sur-c-130j\"><span class=\"ezstring-field\">Barkhane\u202f: Embarquement avec un loadmaster sur C-130J<\/span><\/a><p>Pr\u00e9sent sur le territoire nig\u00e9rien depuis plus de deux mois pour sa douzi\u00e8me op\u00e9ration ext\u00e9rieure, le lieutenant&#8230; \u00ab Nous sommes \u00e0 H-12 heures avant la livraison par air (LPA) de plusieurs tonnes de fret au-dessus de la zone des<\/p><\/div>\t\t\t\t\t\t<\/div>\n\t\t\t\t<\/div>\n\t\t\t\t\t<\/div>\n\t\t<\/div>\n\t\t\t\t\t<\/div>\n\t\t<\/section>\n\t\t\t\t<section class=\"elementor-section elementor-top-section elementor-element elementor-element-5122c0f elementor-section-boxed elementor-section-height-default elementor-section-height-default\" data-id=\"5122c0f\" data-element_type=\"section\">\n\t\t\t\t\t\t<div class=\"elementor-container elementor-column-gap-default\">\n\t\t\t\t\t<div class=\"elementor-column elementor-col-100 elementor-top-column elementor-element elementor-element-9f9c006\" data-id=\"9f9c006\" data-element_type=\"column\">\n\t\t\t<div class=\"elementor-widget-wrap elementor-element-populated\">\n\t\t\t\t\t\t<div class=\"elementor-element elementor-element-d1b7365 elementor-widget elementor-widget-text-editor\" data-id=\"d1b7365\" data-element_type=\"widget\" data-widget_type=\"text-editor.default\">\n\t\t\t\t<div class=\"elementor-widget-container\">\n\t\t\t\t\t\t\t<div class=\"blocVisu\"><a href=\"https:\/\/www.defense.gouv.fr\/air\/actus-air\/l-a400m-atlas-franchit-une-nouvelle-etape-decisive-vers-sa-pleine-capacite-operationnelle\"><img decoding=\"async\" class=\"ezimage-field alignleft\" src=\"https:\/\/www.defense.gouv.fr\/var\/dicod\/storage\/images\/base-de-medias\/images\/air\/actualites\/images-2021\/juin-2021-partie-1\/a400m_1\/10305570-1-fre-FR\/a400m_1_vignette_actu.jpg\" alt=\"\" width=\"\" height=\"\" \/><\/a><a class=\"lien-flech\" href=\"https:\/\/www.defense.gouv.fr\/air\/actus-air\/l-a400m-atlas-franchit-une-nouvelle-etape-decisive-vers-sa-pleine-capacite-operationnelle\"><span class=\"ezstring-field\">L\u2019A400M Atlas franchit une nouvelle \u00e9tape d\u00e9cisive vers sa pleine capacit\u00e9 op\u00e9rationnelle<\/span><\/a><p>Le 3 juin 2021, l\u2019Arm\u00e9e de l\u2019Air et de l\u2019Espace a d\u00e9clar\u00e9 la capacit\u00e9 tactique initiale de l\u2019A400M Atlas. Troisi\u00e8me&#8230; Les performances de l\u2019A400M Atlas vont contribuer \u00e0 inscrire l\u2019engagement sur les th\u00e9\u00e2tres d\u2019op\u00e9rations dans une nouvelle<\/p><\/div>\t\t\t\t\t\t<\/div>\n\t\t\t\t<\/div>\n\t\t\t\t\t<\/div>\n\t\t<\/div>\n\t\t\t\t\t<\/div>\n\t\t<\/section>\n\t\t\t\t<section class=\"elementor-section elementor-top-section elementor-element elementor-element-eaf76a7 elementor-section-boxed elementor-section-height-default elementor-section-height-default\" data-id=\"eaf76a7\" data-element_type=\"section\">\n\t\t\t\t\t\t<div class=\"elementor-container elementor-column-gap-default\">\n\t\t\t\t\t<div class=\"elementor-column elementor-col-100 elementor-top-column elementor-element elementor-element-c58475d\" data-id=\"c58475d\" data-element_type=\"column\">\n\t\t\t<div class=\"elementor-widget-wrap elementor-element-populated\">\n\t\t\t\t\t\t<div class=\"elementor-element elementor-element-1a8f067 elementor-widget elementor-widget-text-editor\" data-id=\"1a8f067\" data-element_type=\"widget\" data-widget_type=\"text-editor.default\">\n\t\t\t\t<div class=\"elementor-widget-container\">\n\t\t\t\t\t\t\t<div class=\"blocVisu\"><a href=\"https:\/\/www.defense.gouv.fr\/air\/actus-air\/fazsoi-l-a400m-atlas-deploye-a-la-reunion\"><img decoding=\"async\" class=\"ezimage-field alignleft\" src=\"https:\/\/www.defense.gouv.fr\/var\/dicod\/storage\/images\/base-de-medias\/images\/air\/actualites\/images-2021\/juin-2021-partie-1\/2erpima_embarquement-1-copie\/10304821-1-fre-FR\/2erpima_embarquement-1-copie_vignette_actu.jpg\" alt=\"FAZSOI : L\u2019A400M Atlas d\u00e9ploy\u00e9 \u00e0 La R\u00e9union\" width=\"\" height=\"\" \/><\/a><a class=\"lien-flech\" href=\"https:\/\/www.defense.gouv.fr\/air\/actus-air\/fazsoi-l-a400m-atlas-deploye-a-la-reunion\"><span class=\"ezstring-field\">FAZSOI : L\u2019A400M Atlas d\u00e9ploy\u00e9 \u00e0 La R\u00e9union<\/span><\/a><p>Du 18 au 23 mai 2021, l\u2019avion de transport militaire A400M Atlas, d\u00e9di\u00e9 aux transports strat\u00e9giques et tactiques,&#8230; La premi\u00e8re des missions r\u00e9alis\u00e9es a \u00e9t\u00e9 d\u00e9di\u00e9e au largage de militaires du 2e r\u00e9giment de parachutistes.<\/p><\/div>\t\t\t\t\t\t<\/div>\n\t\t\t\t<\/div>\n\t\t\t\t\t<\/div>\n\t\t<\/div>\n\t\t\t\t\t<\/div>\n\t\t<\/section>\n\t\t\t\t<section class=\"elementor-section elementor-top-section elementor-element elementor-element-e775967 elementor-section-boxed elementor-section-height-default elementor-section-height-default\" data-id=\"e775967\" data-element_type=\"section\">\n\t\t\t\t\t\t<div class=\"elementor-container elementor-column-gap-default\">\n\t\t\t\t\t<div class=\"elementor-column elementor-col-100 elementor-top-column elementor-element elementor-element-9a7ffd9\" data-id=\"9a7ffd9\" data-element_type=\"column\">\n\t\t\t<div class=\"elementor-widget-wrap elementor-element-populated\">\n\t\t\t\t\t\t<div class=\"elementor-element elementor-element-751c5fd elementor-widget elementor-widget-text-editor\" data-id=\"751c5fd\" data-element_type=\"widget\" data-widget_type=\"text-editor.default\">\n\t\t\t\t<div class=\"elementor-widget-container\">\n\t\t\t\t\t\t\t<div class=\"blocVisu\"><a href=\"https:\/\/www.defense.gouv.fr\/air\/actus-air\/un-exercice-interallie-de-grande-envergure-dans-notre-espace-aerien\"><img decoding=\"async\" class=\"ezimage-field alignleft\" src=\"https:\/\/www.defense.gouv.fr\/var\/dicod\/storage\/images\/base-de-medias\/images\/air\/actualites\/images-2021\/mai-2021-partie-2\/etap-c-2\/10299990-1-fre-FR\/etap-c-2_vignette_actu.jpg\" alt=\"\" width=\"\" height=\"\" \/><\/a><a class=\"lien-flech\" href=\"https:\/\/www.defense.gouv.fr\/air\/actus-air\/un-exercice-interallie-de-grande-envergure-dans-notre-espace-aerien\"><span class=\"ezstring-field\">Un exercice interalli\u00e9 de grande envergure dans notre espace a\u00e9rien<\/span><\/a><p>La base a\u00e9rienne (BA) 123 d\u2019Orl\u00e9ans accueille, depuis lundi 24 mai 2021, des \u00e9quipages de transport internationaux&#8230;<\/p><\/div>\t\t\t\t\t\t<\/div>\n\t\t\t\t<\/div>\n\t\t\t\t\t<\/div>\n\t\t<\/div>\n\t\t\t\t\t<\/div>\n\t\t<\/section>\n\t\t\t\t<section class=\"elementor-section elementor-top-section elementor-element elementor-element-013dcdc elementor-section-boxed elementor-section-height-default elementor-section-height-default\" data-id=\"013dcdc\" data-element_type=\"section\">\n\t\t\t\t\t\t<div class=\"elementor-container elementor-column-gap-default\">\n\t\t\t\t\t<div class=\"elementor-column elementor-col-100 elementor-top-column elementor-element elementor-element-6eb387a\" data-id=\"6eb387a\" data-element_type=\"column\">\n\t\t\t<div class=\"elementor-widget-wrap elementor-element-populated\">\n\t\t\t\t\t\t<div class=\"elementor-element elementor-element-d2f66a9 elementor-widget elementor-widget-text-editor\" data-id=\"d2f66a9\" data-element_type=\"widget\" data-widget_type=\"text-editor.default\">\n\t\t\t\t<div class=\"elementor-widget-container\">\n\t\t\t\t\t\t\t<div class=\"blocVisu\"><a href=\"https:\/\/www.defense.gouv.fr\/air\/actus-air\/entrainement-au-largage-de-colis-depuis-un-casa-sur-la-base-aerienne-d-evreux\"><img decoding=\"async\" class=\"ezimage-field alignleft\" src=\"https:\/\/www.defense.gouv.fr\/var\/dicod\/storage\/images\/base-de-medias\/images\/air\/actualites\/images-2021\/mai-2021-partie-2\/larg-2\/10295909-1-fre-FR\/larg-2_vignette_actu.jpg\" alt=\"\" width=\"\" height=\"\" \/><\/a><a class=\"lien-flech\" href=\"https:\/\/www.defense.gouv.fr\/air\/actus-air\/entrainement-au-largage-de-colis-depuis-un-casa-sur-la-base-aerienne-d-evreux\"><span class=\"ezstring-field\">Entra\u00eenement au largage de colis depuis un Casa sur la base a\u00e9rienne d\u2019\u00c9vreux<\/span><\/a><p>Le 21 Mai 2021, durant la p\u00e9riode d\u2019instruction de la 64e escadre de transport (ET), les m\u00e9caniciens..<\/p><\/div>\t\t\t\t\t\t<\/div>\n\t\t\t\t<\/div>\n\t\t\t\t\t<\/div>\n\t\t<\/div>\n\t\t\t\t\t<\/div>\n\t\t<\/section>\n\t\t\t\t<section class=\"elementor-section elementor-top-section elementor-element elementor-element-38614e4 elementor-section-boxed elementor-section-height-default elementor-section-height-default\" data-id=\"38614e4\" data-element_type=\"section\">\n\t\t\t\t\t\t<div class=\"elementor-container elementor-column-gap-default\">\n\t\t\t\t\t<div class=\"elementor-column elementor-col-100 elementor-top-column elementor-element elementor-element-35a510c\" data-id=\"35a510c\" data-element_type=\"column\">\n\t\t\t<div class=\"elementor-widget-wrap elementor-element-populated\">\n\t\t\t\t\t\t<div class=\"elementor-element elementor-element-21c49da elementor-widget elementor-widget-text-editor\" data-id=\"21c49da\" data-element_type=\"widget\" data-widget_type=\"text-editor.default\">\n\t\t\t\t<div class=\"elementor-widget-container\">\n\t\t\t\t\t\t\t<div class=\"blocVisu\"><a href=\"https:\/\/www.defense.gouv.fr\/air\/actus-air\/fag-un-casa-demontre-ses-capacites-lors-de-l-exercice-caraibes-2021-aux-antilles\"><img decoding=\"async\" class=\"ezimage-field alignleft\" src=\"https:\/\/www.defense.gouv.fr\/var\/dicod\/storage\/images\/base-de-medias\/images\/air\/actualites\/images-2021\/mai-2021-partie-2\/casa-exercice-caraibes-1\/10289699-1-fre-FR\/casa-exercice-caraibes-1_vignette_actu.jpg\" alt=\"\" width=\"\" height=\"\" \/><\/a><a class=\"lien-flech\" href=\"https:\/\/www.defense.gouv.fr\/air\/actus-air\/fag-un-casa-demontre-ses-capacites-lors-de-l-exercice-caraibes-2021-aux-antilles\"><span class=\"ezstring-field\">FAG : Un Casa d\u00e9montre ses capacit\u00e9s lors de l\u2019exercice Cara\u00efbes 2021 aux Antilles<\/span><\/a><p>Du 6 au 12 mai 2021, un a\u00e9ronef Casa, avion tactique de transport mis en \u0153uvre par l\u2019arm\u00e9e de l\u2019Air et de l\u2019Espace<\/p><\/div>\t\t\t\t\t\t<\/div>\n\t\t\t\t<\/div>\n\t\t\t\t\t<\/div>\n\t\t<\/div>\n\t\t\t\t\t<\/div>\n\t\t<\/section>\n\t\t\t\t<section class=\"elementor-section elementor-top-section elementor-element elementor-element-a9f835b elementor-section-boxed elementor-section-height-default elementor-section-height-default\" data-id=\"a9f835b\" data-element_type=\"section\">\n\t\t\t\t\t\t<div class=\"elementor-container elementor-column-gap-default\">\n\t\t\t\t\t<div class=\"elementor-column elementor-col-100 elementor-top-column elementor-element elementor-element-7d96481\" data-id=\"7d96481\" data-element_type=\"column\">\n\t\t\t<div class=\"elementor-widget-wrap elementor-element-populated\">\n\t\t\t\t\t\t<div class=\"elementor-element elementor-element-b29faea elementor-widget elementor-widget-text-editor\" data-id=\"b29faea\" data-element_type=\"widget\" data-widget_type=\"text-editor.default\">\n\t\t\t\t<div class=\"elementor-widget-container\">\n\t\t\t\t\t\t\t<div class=\"blocVisu\"><a href=\"https:\/\/www.defense.gouv.fr\/air\/actus-air\/red-flag-rescue-entrainement-interallie-dans-l-arizona\"><img decoding=\"async\" class=\"ezimage-field alignleft\" src=\"https:\/\/www.defense.gouv.fr\/var\/dicod\/storage\/images\/base-de-medias\/images\/air\/actualites\/images-2021\/mai-2021\/red3\/10286091-1-fre-FR\/red3_vignette_actu.jpg\" alt=\"\" width=\"\" height=\"\" \/><\/a><a class=\"lien-flech\" href=\"https:\/\/www.defense.gouv.fr\/air\/actus-air\/red-flag-rescue-entrainement-interallie-dans-l-arizona\"><span class=\"ezstring-field\">\u00ab Red Flag Rescue \u00bb : entra\u00eenement interalli\u00e9 dans l\u2019Arizona<\/span><\/a><p>Du 7 au 21 mai 2021, l\u2019arm\u00e9e de l\u2019Air et de l\u2019Espace (AAE) participe \u00e0 \u00ab Red Flag Rescue \u00bb aux \u00c9tats-Unis. Cet.<\/p><\/div>\t\t\t\t\t\t<\/div>\n\t\t\t\t<\/div>\n\t\t\t\t\t<\/div>\n\t\t<\/div>\n\t\t\t\t\t<\/div>\n\t\t<\/section>\n\t\t\t\t<section class=\"elementor-section elementor-top-section elementor-element elementor-element-1e7fe4f elementor-section-boxed elementor-section-height-default elementor-section-height-default\" data-id=\"1e7fe4f\" data-element_type=\"section\">\n\t\t\t\t\t\t<div class=\"elementor-container elementor-column-gap-default\">\n\t\t\t\t\t<div class=\"elementor-column elementor-col-100 elementor-top-column elementor-element elementor-element-a04c6d4\" data-id=\"a04c6d4\" data-element_type=\"column\">\n\t\t\t<div class=\"elementor-widget-wrap elementor-element-populated\">\n\t\t\t\t\t\t<div class=\"elementor-element elementor-element-fed313e elementor-widget elementor-widget-text-editor\" data-id=\"fed313e\" data-element_type=\"widget\" data-widget_type=\"text-editor.default\">\n\t\t\t\t<div class=\"elementor-widget-container\">\n\t\t\t\t\t\t\t<div class=\"blocVisu\"><a href=\"https:\/\/www.defense.gouv.fr\/air\/actus-air\/premier-atterrissage-d-un-a400m-francais-sur-une-surface-type-plage\"><img decoding=\"async\" class=\"ezimage-field alignleft\" src=\"https:\/\/www.defense.gouv.fr\/var\/dicod\/storage\/images\/base-de-medias\/images\/air\/actualites\/images-2021\/mai-2021\/plage-2\/10274714-2-fre-FR\/plage-2_vignette_actu.png\" alt=\"\" width=\"\" height=\"\" \/><\/a><a class=\"lien-flech\" href=\"https:\/\/www.defense.gouv.fr\/air\/actus-air\/premier-atterrissage-d-un-a400m-francais-sur-une-surface-type-plage\"><span class=\"ezstring-field\">Premier atterrissage d\u2019un A400M fran\u00e7ais sur une surface type \u00ab plage \u00bb<\/span><\/a><p>Ce mercredi 28 avril 2021, un A400M de la 61e escadre de transport de la base a\u00e9rienne (BA) 123 d\u2019Orl\u00e9ans-Bricy<\/p><\/div>\t\t\t\t\t\t<\/div>\n\t\t\t\t<\/div>\n\t\t\t\t\t<\/div>\n\t\t<\/div>\n\t\t\t\t\t<\/div>\n\t\t<\/section>\n\t\t\t\t<section class=\"elementor-section elementor-top-section elementor-element elementor-element-c124a8c elementor-section-boxed elementor-section-height-default elementor-section-height-default\" data-id=\"c124a8c\" data-element_type=\"section\">\n\t\t\t\t\t\t<div class=\"elementor-container elementor-column-gap-default\">\n\t\t\t\t\t<div class=\"elementor-column elementor-col-100 elementor-top-column elementor-element elementor-element-f2e218d\" data-id=\"f2e218d\" data-element_type=\"column\">\n\t\t\t<div class=\"elementor-widget-wrap elementor-element-populated\">\n\t\t\t\t\t\t<div class=\"elementor-element elementor-element-cdec1e9 elementor-widget elementor-widget-text-editor\" data-id=\"cdec1e9\" data-element_type=\"widget\" data-widget_type=\"text-editor.default\">\n\t\t\t\t<div class=\"elementor-widget-container\">\n\t\t\t\t\t\t\t<div class=\"blocVisu\"><a href=\"https:\/\/www.defense.gouv.fr\/air\/actus-air\/france-relance-le-ministere-des-armees-commande-huit-caracal-et-un-prototype-de-sdam-en-soutien-a-l-industrie-aeronautique\"><img decoding=\"async\" class=\"ezimage-field alignleft\" src=\"https:\/\/www.defense.gouv.fr\/var\/dicod\/storage\/images\/base-de-medias\/images\/air\/actualites\/images-2021\/avril2021\/caracal-1\/10251780-1-fre-FR\/caracal-1_vignette_actu.jpg\" alt=\"\" width=\"\" height=\"\" \/><\/a><a class=\"lien-flech\" href=\"https:\/\/www.defense.gouv.fr\/air\/actus-air\/france-relance-le-ministere-des-armees-commande-huit-caracal-et-un-prototype-de-sdam-en-soutien-a-l-industrie-aeronautique\"><span class=\"ezstring-field\">France Relance : le minist\u00e8re des Arm\u00e9es commande huit Caracal et un prototype de SDAM en soutien \u00e0 l\u2019industrie a\u00e9ronautique<\/span><\/a><p>Florence Parly, ministre des Arm\u00e9es, s&rsquo;est rendue \u00e0 Marignane, jeudi 15 avril, sur le site d\u2019Airbus Helicopters,&#8230; Commande de huit h\u00e9licopt\u00e8res Caracal pour l\u2019arm\u00e9e de l\u2019Air et de l\u2019Espace ..<\/p><\/div>\t\t\t\t\t\t<\/div>\n\t\t\t\t<\/div>\n\t\t\t\t\t<\/div>\n\t\t<\/div>\n\t\t\t\t\t<\/div>\n\t\t<\/section>\n\t\t\t\t<section class=\"elementor-section elementor-top-section elementor-element elementor-element-9ce88f0 elementor-section-boxed elementor-section-height-default elementor-section-height-default\" data-id=\"9ce88f0\" data-element_type=\"section\">\n\t\t\t\t\t\t<div class=\"elementor-container elementor-column-gap-default\">\n\t\t\t\t\t<div class=\"elementor-column elementor-col-100 elementor-top-column elementor-element elementor-element-914d29b\" data-id=\"914d29b\" data-element_type=\"column\">\n\t\t\t<div class=\"elementor-widget-wrap elementor-element-populated\">\n\t\t\t\t\t\t<div class=\"elementor-element elementor-element-389730d elementor-widget elementor-widget-text-editor\" data-id=\"389730d\" data-element_type=\"widget\" data-widget_type=\"text-editor.default\">\n\t\t\t\t<div class=\"elementor-widget-container\">\n\t\t\t\t\t\t\t<div class=\"blocVisu\"><a href=\"https:\/\/www.defense.gouv.fr\/air\/actus-air\/fazsoi-mission-de-l-hercules-sur-l-ile-de-grande-glorieuse\"><img decoding=\"async\" class=\"ezimage-field alignleft\" src=\"https:\/\/www.defense.gouv.fr\/var\/dicod\/storage\/images\/base-de-medias\/images\/air\/actualites\/images-2021\/avril2021\/tracteur-1-bis\/10250885-1-fre-FR\/tracteur-1-bis_vignette_actu.jpg\" alt=\"\" width=\"\" height=\"\" \/><\/a><a class=\"lien-flech\" href=\"https:\/\/www.defense.gouv.fr\/air\/actus-air\/fazsoi-mission-de-l-hercules-sur-l-ile-de-grande-glorieuse\"><span class=\"ezstring-field\">FAZSOI : Mission de l\u2019Hercules sur l\u2019\u00eele de Grande Glorieuse<\/span><\/a><p>Du 10 au 11 avril 2021, un avion de transport militaire C-130 Hercules de l\u2019escadron de transport (ET) 2\/61..<\/p><\/div>\t\t\t\t\t\t<\/div>\n\t\t\t\t<\/div>\n\t\t\t\t\t<\/div>\n\t\t<\/div>\n\t\t\t\t\t<\/div>\n\t\t<\/section>\n\t\t\t\t<section class=\"elementor-section elementor-top-section elementor-element elementor-element-1ffdc6c elementor-section-boxed elementor-section-height-default elementor-section-height-default\" data-id=\"1ffdc6c\" data-element_type=\"section\">\n\t\t\t\t\t\t<div class=\"elementor-container elementor-column-gap-default\">\n\t\t\t\t\t<div class=\"elementor-column elementor-col-100 elementor-top-column elementor-element elementor-element-2077e2a\" data-id=\"2077e2a\" data-element_type=\"column\">\n\t\t\t<div class=\"elementor-widget-wrap elementor-element-populated\">\n\t\t\t\t\t\t<div class=\"elementor-element elementor-element-d7fb59a elementor-widget elementor-widget-text-editor\" data-id=\"d7fb59a\" data-element_type=\"widget\" data-widget_type=\"text-editor.default\">\n\t\t\t\t<div class=\"elementor-widget-container\">\n\t\t\t\t\t\t\t<div class=\"blocVisu\"><a href=\"https:\/\/www.defense.gouv.fr\/air\/actus-air\/stage-leopard-la-qualification-forces-speciales-de-l-eh-1-67-pyrenees\"><img decoding=\"async\" class=\"ezimage-field alignleft\" src=\"https:\/\/www.defense.gouv.fr\/var\/dicod\/storage\/images\/base-de-medias\/images\/air\/actualites\/images-2021\/avril2021\/leopard-1\/10246940-1-fre-FR\/leopard-1_vignette_actu.jpg\" alt=\"\" width=\"\" height=\"\" \/><\/a><a class=\"lien-flech\" href=\"https:\/\/www.defense.gouv.fr\/air\/actus-air\/stage-leopard-la-qualification-forces-speciales-de-l-eh-1-67-pyrenees\"><span class=\"ezstring-field\">Stage L\u00e9opard : la qualification forces sp\u00e9ciales de l\u2019EH 1\/67 \u00ab Pyr\u00e9n\u00e9es \u00bb<\/span><\/a><p>L\u2019escadron d\u2019h\u00e9licopt\u00e8res 1\/67 \u00ab Pyr\u00e9n\u00e9es \u00bb r\u00e9pond des forces sp\u00e9ciales air de l\u2019arm\u00e9e de l\u2019Air et de l\u2019Espace&#8230;<\/p><\/div>\t\t\t\t\t\t<\/div>\n\t\t\t\t<\/div>\n\t\t\t\t\t<\/div>\n\t\t<\/div>\n\t\t\t\t\t<\/div>\n\t\t<\/section>\n\t\t\t\t<section class=\"elementor-section elementor-top-section elementor-element elementor-element-318f82c elementor-section-boxed elementor-section-height-default elementor-section-height-default\" data-id=\"318f82c\" data-element_type=\"section\">\n\t\t\t\t\t\t<div class=\"elementor-container elementor-column-gap-default\">\n\t\t\t\t\t<div class=\"elementor-column elementor-col-100 elementor-top-column elementor-element elementor-element-d42878f\" data-id=\"d42878f\" data-element_type=\"column\">\n\t\t\t<div class=\"elementor-widget-wrap elementor-element-populated\">\n\t\t\t\t\t\t<div class=\"elementor-element elementor-element-06aee09 elementor-widget elementor-widget-text-editor\" data-id=\"06aee09\" data-element_type=\"widget\" data-widget_type=\"text-editor.default\">\n\t\t\t\t<div class=\"elementor-widget-container\">\n\t\t\t\t\t\t\t<div class=\"blocVisu\"><a href=\"https:\/\/www.defense.gouv.fr\/air\/actus-air\/evacuation-d-urgence-par-un-puma-de-bastia-a-nice\"><img decoding=\"async\" class=\"ezimage-field alignleft\" src=\"https:\/\/www.defense.gouv.fr\/var\/dicod\/storage\/images\/base-de-medias\/images\/air\/actualites\/images-2021\/avril2021\/puma-1\/10243510-1-fre-FR\/puma-1_vignette_actu.jpg\" alt=\"\" width=\"\" height=\"\" \/><\/a><a class=\"lien-flech\" href=\"https:\/\/www.defense.gouv.fr\/air\/actus-air\/evacuation-d-urgence-par-un-puma-de-bastia-a-nice\"><span class=\"ezstring-field\">\u00c9vacuation d\u2019urgence par un Puma de Bastia \u00e0 Nice<\/span><\/a><p>Mardi 6 avril 2021, l\u2019escadron d\u2019h\u00e9licopt\u00e8re (EH) 1\/44 \u00ab Solenzara \u00bb a r\u00e9alis\u00e9 une \u00e9vacuation sanitaire (\u00c9vasan)&#8230;<\/p><\/div>\t\t\t\t\t\t<\/div>\n\t\t\t\t<\/div>\n\t\t\t\t\t<\/div>\n\t\t<\/div>\n\t\t\t\t\t<\/div>\n\t\t<\/section>\n\t\t\t\t<section class=\"elementor-section elementor-top-section elementor-element elementor-element-e9b5dc9 elementor-section-boxed elementor-section-height-default elementor-section-height-default\" data-id=\"e9b5dc9\" data-element_type=\"section\">\n\t\t\t\t\t\t<div class=\"elementor-container elementor-column-gap-default\">\n\t\t\t\t\t<div class=\"elementor-column elementor-col-100 elementor-top-column elementor-element elementor-element-2637c31\" data-id=\"2637c31\" data-element_type=\"column\">\n\t\t\t<div class=\"elementor-widget-wrap elementor-element-populated\">\n\t\t\t\t\t\t<div class=\"elementor-element elementor-element-9093632 elementor-widget elementor-widget-text-editor\" data-id=\"9093632\" data-element_type=\"widget\" data-widget_type=\"text-editor.default\">\n\t\t\t\t<div class=\"elementor-widget-container\">\n\t\t\t\t\t\t\t<div class=\"blocVisu\"><a href=\"https:\/\/www.defense.gouv.fr\/air\/actus-air\/la-61e-escadre-accueille-son-18e-a400m\"><img decoding=\"async\" class=\"ezimage-field alignleft\" src=\"https:\/\/www.defense.gouv.fr\/var\/dicod\/storage\/images\/base-de-medias\/images\/air\/actualites\/images-2021\/avril2021\/18e_a400m_2\/10238976-1-fre-FR\/18e_a400m_2_vignette_actu.jpg\" alt=\"\" width=\"\" height=\"\" \/><\/a><a class=\"lien-flech\" href=\"https:\/\/www.defense.gouv.fr\/air\/actus-air\/la-61e-escadre-accueille-son-18e-a400m\"><span class=\"ezstring-field\">La 61e escadre accueille son 18e A400M<\/span><\/a><p>Le vendredi 2 avril 2021, l\u2019A400M Atlas n\u00b0110 s\u2019est pos\u00e9 vers 17h00 sur&#8230;\u00a0<\/p><\/div>\t\t\t\t\t\t<\/div>\n\t\t\t\t<\/div>\n\t\t\t\t\t<\/div>\n\t\t<\/div>\n\t\t\t\t\t<\/div>\n\t\t<\/section>\n\t\t\t\t<section class=\"elementor-section elementor-top-section elementor-element elementor-element-1ebf304 elementor-section-boxed elementor-section-height-default elementor-section-height-default\" data-id=\"1ebf304\" data-element_type=\"section\">\n\t\t\t\t\t\t<div class=\"elementor-container elementor-column-gap-default\">\n\t\t\t\t\t<div class=\"elementor-column elementor-col-100 elementor-top-column elementor-element elementor-element-1e57310\" data-id=\"1e57310\" data-element_type=\"column\">\n\t\t\t<div class=\"elementor-widget-wrap elementor-element-populated\">\n\t\t\t\t\t\t<div class=\"elementor-element elementor-element-18cae9e elementor-widget elementor-widget-text-editor\" data-id=\"18cae9e\" data-element_type=\"widget\" data-widget_type=\"text-editor.default\">\n\t\t\t\t<div class=\"elementor-widget-container\">\n\t\t\t\t\t\t\t<div class=\"blocVisu\"><a href=\"https:\/\/www.defense.gouv.fr\/air\/actus-air\/fanc-mission-de-soutien-a-la-papouasie-nouvelle-guinee-dans-le-cadre-de-la-crise-de-la-covid-19\"><img decoding=\"async\" class=\"ezimage-field alignleft\" src=\"https:\/\/www.defense.gouv.fr\/var\/dicod\/storage\/images\/base-de-medias\/images\/air\/actualites\/images-2021\/mars-2021\/fanc-2\/10237598-1-fre-FR\/fanc-2_vignette_actu.jpg\" alt=\"\" width=\"\" height=\"\" \/><\/a><a class=\"lien-flech\" href=\"https:\/\/www.defense.gouv.fr\/air\/actus-air\/fanc-mission-de-soutien-a-la-papouasie-nouvelle-guinee-dans-le-cadre-de-la-crise-de-la-covid-19\"><span class=\"ezstring-field\">FANC : Mission de soutien \u00e0 la Papouasie-Nouvelle-Guin\u00e9e dans le cadre de la crise de la COVID-19<\/span><\/a><p>Ayant connaissance du manque de certains \u00e9quipements sanitaires de la Papouasie Nouvelle-Guin\u00e9e (PNG), le minist\u00e8re..<\/p><\/div>\t\t\t\t\t\t<\/div>\n\t\t\t\t<\/div>\n\t\t\t\t\t<\/div>\n\t\t<\/div>\n\t\t\t\t\t<\/div>\n\t\t<\/section>\n\t\t\t\t<section class=\"elementor-section elementor-top-section elementor-element elementor-element-53e1e77 elementor-section-boxed elementor-section-height-default elementor-section-height-default\" data-id=\"53e1e77\" data-element_type=\"section\">\n\t\t\t\t\t\t<div class=\"elementor-container elementor-column-gap-default\">\n\t\t\t\t\t<div class=\"elementor-column elementor-col-100 elementor-top-column elementor-element elementor-element-2a5b5d4\" data-id=\"2a5b5d4\" data-element_type=\"column\">\n\t\t\t<div class=\"elementor-widget-wrap elementor-element-populated\">\n\t\t\t\t\t\t<div class=\"elementor-element elementor-element-0ebec6c elementor-widget elementor-widget-text-editor\" data-id=\"0ebec6c\" data-element_type=\"widget\" data-widget_type=\"text-editor.default\">\n\t\t\t\t<div class=\"elementor-widget-container\">\n\t\t\t\t\t\t\t<div class=\"blocVisu\"><a href=\"https:\/\/www.defense.gouv.fr\/air\/actus-air\/fapf-une-evacuation-medicale-casa-pour-l-escadron-de-transport-82\"><img decoding=\"async\" class=\"ezimage-field alignleft\" src=\"https:\/\/www.defense.gouv.fr\/var\/dicod\/storage\/images\/base-de-medias\/images\/air\/actualites\/images-2021\/mars-2021\/medevac-1\/10231580-1-fre-FR\/medevac-1_vignette_actu.jpg\" alt=\"\" width=\"\" height=\"\" \/><\/a><a class=\"lien-flech\" href=\"https:\/\/www.defense.gouv.fr\/air\/actus-air\/fapf-une-evacuation-medicale-casa-pour-l-escadron-de-transport-82\"><span class=\"ezstring-field\">FAPF : Une \u00e9vacuation m\u00e9dicale Casa pour l\u2019escadron de transport 82<\/span><\/a><p>Le mardi 16 mars 2021, sur ordre du centre op\u00e9rationnel de Tahiti et suite \u00e0 une demande de concours du Haut-Commissariat..<\/p><\/div>\t\t\t\t\t\t<\/div>\n\t\t\t\t<\/div>\n\t\t\t\t\t<\/div>\n\t\t<\/div>\n\t\t\t\t\t<\/div>\n\t\t<\/section>\n\t\t\t\t<section class=\"elementor-section elementor-top-section elementor-element elementor-element-41295f0 elementor-section-boxed elementor-section-height-default elementor-section-height-default\" data-id=\"41295f0\" data-element_type=\"section\">\n\t\t\t\t\t\t<div class=\"elementor-container elementor-column-gap-default\">\n\t\t\t\t\t<div class=\"elementor-column elementor-col-100 elementor-top-column elementor-element elementor-element-34b4e98\" data-id=\"34b4e98\" data-element_type=\"column\">\n\t\t\t<div class=\"elementor-widget-wrap elementor-element-populated\">\n\t\t\t\t\t\t<div class=\"elementor-element elementor-element-72fb0c7 elementor-widget elementor-widget-text-editor\" data-id=\"72fb0c7\" data-element_type=\"widget\" data-widget_type=\"text-editor.default\">\n\t\t\t\t<div class=\"elementor-widget-container\">\n\t\t\t\t\t\t\t<div class=\"blocVisu\"><a href=\"https:\/\/www.defense.gouv.fr\/air\/actus-air\/fanc-deux-evacuations-sanitaires-conduites-par-les-forces-armees-en-nouvelle-caledonie-sur-l-ile-de-wallis\"><img decoding=\"async\" class=\"ezimage-field alignleft\" src=\"https:\/\/www.defense.gouv.fr\/var\/dicod\/storage\/images\/base-de-medias\/images\/air\/actualites\/images-2021\/mars-2021\/fanc\/10235655-1-fre-FR\/fanc_vignette_actu.jpg\" alt=\"\" width=\"\" height=\"\" \/><\/a><a class=\"lien-flech\" href=\"https:\/\/www.defense.gouv.fr\/air\/actus-air\/fanc-deux-evacuations-sanitaires-conduites-par-les-forces-armees-en-nouvelle-caledonie-sur-l-ile-de-wallis\"><span class=\"ezstring-field\">FANC : Deux \u00e9vacuations sanitaires conduites par les Forces arm\u00e9es en Nouvelle-Cal\u00e9donie sur l\u2019\u00eele de Wallis<\/span><\/a><\/div><div class=\"blocTxt\"><p>Les 25 et 29 mars 2021, les Forces arm\u00e9es en Nouvelle-Cal\u00e9donie (FANC) ont \u00e9t\u00e9 sollicit\u00e9es par l\u2019administrateur&#8230; Le 25 mars, depuis l\u2019a\u00e9roport de La Tontouta, un avion Casa de la base a\u00e9rienne 186 de Noum\u00e9a a d\u00e9coll\u00e9 en compagnie..<\/p><\/div>\t\t\t\t\t\t<\/div>\n\t\t\t\t<\/div>\n\t\t\t\t\t<\/div>\n\t\t<\/div>\n\t\t\t\t\t<\/div>\n\t\t<\/section>\n\t\t\t\t<section class=\"elementor-section elementor-top-section elementor-element elementor-element-4a33327 elementor-section-boxed elementor-section-height-default elementor-section-height-default\" data-id=\"4a33327\" data-element_type=\"section\">\n\t\t\t\t\t\t<div class=\"elementor-container elementor-column-gap-default\">\n\t\t\t\t\t<div class=\"elementor-column elementor-col-100 elementor-top-column elementor-element elementor-element-dc8579e\" data-id=\"dc8579e\" data-element_type=\"column\">\n\t\t\t<div class=\"elementor-widget-wrap elementor-element-populated\">\n\t\t\t\t\t\t<div class=\"elementor-element elementor-element-d0120c4 elementor-widget elementor-widget-text-editor\" data-id=\"d0120c4\" data-element_type=\"widget\" data-widget_type=\"text-editor.default\">\n\t\t\t\t<div class=\"elementor-widget-container\">\n\t\t\t\t\t\t\t<div class=\"blocVisu\"><a href=\"https:\/\/www.defense.gouv.fr\/air\/actus-air\/cap-160-reinventer-la-formation-des-equipages-d-helicopteres\"><img decoding=\"async\" class=\"ezimage-field alignleft\" src=\"https:\/\/www.defense.gouv.fr\/var\/dicod\/storage\/images\/base-de-medias\/images\/air\/actualites\/images-2021\/mars-2021\/cpa-160-1\/10223305-1-fre-FR\/cpa-160-1_vignette_actu.jpg\" alt=\"\" width=\"\" height=\"\" \/><\/a><a class=\"lien-flech\" href=\"https:\/\/www.defense.gouv.fr\/air\/actus-air\/cap-160-reinventer-la-formation-des-equipages-d-helicopteres\"><span class=\"ezstring-field\">CAP 160 : r\u00e9inventer la formation des \u00e9quipages d\u2019h\u00e9licopt\u00e8res<\/span><\/a><p>Repenser la formation des \u00e9quipages d\u2019h\u00e9licopt\u00e8res, en pr\u00e9parant l\u2019arriv\u00e9e de l\u2019h\u00e9licopt\u00e8re de combat H160M&#8230;<\/p><\/div>\t\t\t\t\t\t<\/div>\n\t\t\t\t<\/div>\n\t\t\t\t\t<\/div>\n\t\t<\/div>\n\t\t\t\t\t<\/div>\n\t\t<\/section>\n\t\t\t\t<section class=\"elementor-section elementor-top-section elementor-element elementor-element-1d7ad7c elementor-section-boxed elementor-section-height-default elementor-section-height-default\" data-id=\"1d7ad7c\" data-element_type=\"section\">\n\t\t\t\t\t\t<div class=\"elementor-container elementor-column-gap-default\">\n\t\t\t\t\t<div class=\"elementor-column elementor-col-100 elementor-top-column elementor-element elementor-element-522d7ea\" data-id=\"522d7ea\" data-element_type=\"column\">\n\t\t\t<div class=\"elementor-widget-wrap elementor-element-populated\">\n\t\t\t\t\t\t<div class=\"elementor-element elementor-element-29b90f6 elementor-widget elementor-widget-text-editor\" data-id=\"29b90f6\" data-element_type=\"widget\" data-widget_type=\"text-editor.default\">\n\t\t\t\t<div class=\"elementor-widget-container\">\n\t\t\t\t\t\t\t<div class=\"blocVisu\"><a href=\"https:\/\/www.defense.gouv.fr\/air\/actus-air\/amerrissage-de-nuit-au-large-de-calvi-un-important-dispositif-de-secours-declenche\"><img decoding=\"async\" class=\"ezimage-field alignleft\" src=\"https:\/\/www.defense.gouv.fr\/var\/dicod\/storage\/images\/base-de-medias\/images\/air\/actualites\/images-2021\/mars-2021\/calvy-1\/10210267-1-fre-FR\/calvy-1_vignette_actu.jpg\" alt=\"\" width=\"\" height=\"\" \/><\/a><a class=\"lien-flech\" href=\"https:\/\/www.defense.gouv.fr\/air\/actus-air\/amerrissage-de-nuit-au-large-de-calvi-un-important-dispositif-de-secours-declenche\"><span class=\"ezstring-field\">Amerrissage de nuit au large de Calvi : un important dispositif de secours d\u00e9clench\u00e9<\/span><\/a><p>Vendredi dernier, en d\u00e9but de soir\u00e9e, le centre en route de la navigation a\u00e9rienne Sud-Est (CRNA) communique&#8230;<\/p><\/div>\t\t\t\t\t\t<\/div>\n\t\t\t\t<\/div>\n\t\t\t\t\t<\/div>\n\t\t<\/div>\n\t\t\t\t\t<\/div>\n\t\t<\/section>\n\t\t\t\t<section class=\"elementor-section elementor-top-section elementor-element elementor-element-a03887e elementor-section-boxed elementor-section-height-default elementor-section-height-default\" data-id=\"a03887e\" data-element_type=\"section\">\n\t\t\t\t\t\t<div class=\"elementor-container elementor-column-gap-default\">\n\t\t\t\t\t<div class=\"elementor-column elementor-col-100 elementor-top-column elementor-element elementor-element-da1498e\" data-id=\"da1498e\" data-element_type=\"column\">\n\t\t\t<div class=\"elementor-widget-wrap elementor-element-populated\">\n\t\t\t\t\t\t<div class=\"elementor-element elementor-element-24b879d elementor-widget elementor-widget-text-editor\" data-id=\"24b879d\" data-element_type=\"widget\" data-widget_type=\"text-editor.default\">\n\t\t\t\t<div class=\"elementor-widget-container\">\n\t\t\t\t\t\t\t<div class=\"blocVisu\"><a href=\"https:\/\/www.defense.gouv.fr\/air\/actus-air\/forces-armees-en-nouvelle-caledonie-medevac-a-ouvea\"><img decoding=\"async\" class=\"ezimage-field alignleft\" src=\"https:\/\/www.defense.gouv.fr\/var\/dicod\/storage\/images\/base-de-medias\/images\/air\/actualites\/images-2021\/mars-2021\/fanc-1\/10203300-1-fre-FR\/fanc-1_vignette_actu.jpg\" alt=\"\" width=\"\" height=\"\" \/><\/a><a class=\"lien-flech\" href=\"https:\/\/www.defense.gouv.fr\/air\/actus-air\/forces-armees-en-nouvelle-caledonie-medevac-a-ouvea\"><span class=\"ezstring-field\">Forces arm\u00e9es en Nouvelle-Cal\u00e9donie: Medevac \u00e0 Ouv\u00e9a<\/span><\/a><p>En Nouvelle-Cal\u00e9donie, l\u2019escadron de transport (ET) 52 \u00ab Tontouta \u00bb met en \u0153uvre des Puma et tient une alerte&#8230; Un des Puma des Forces arm\u00e9es en Nouvelle-Cal\u00e9donie (FANC) a \u00e9t\u00e9 mis \u00e0 contribution pour conduire une Medevac avec \u00e0&#8230;<\/p><\/div>\t\t\t\t\t\t<\/div>\n\t\t\t\t<\/div>\n\t\t\t\t\t<\/div>\n\t\t<\/div>\n\t\t\t\t\t<\/div>\n\t\t<\/section>\n\t\t\t\t<section class=\"elementor-section elementor-top-section elementor-element elementor-element-c6e7ff9 elementor-section-boxed elementor-section-height-default elementor-section-height-default\" data-id=\"c6e7ff9\" data-element_type=\"section\">\n\t\t\t\t\t\t<div class=\"elementor-container elementor-column-gap-default\">\n\t\t\t\t\t<div class=\"elementor-column elementor-col-100 elementor-top-column elementor-element elementor-element-9cff404\" data-id=\"9cff404\" data-element_type=\"column\">\n\t\t\t<div class=\"elementor-widget-wrap elementor-element-populated\">\n\t\t\t\t\t\t<div class=\"elementor-element elementor-element-2129dbc elementor-widget elementor-widget-text-editor\" data-id=\"2129dbc\" data-element_type=\"widget\" data-widget_type=\"text-editor.default\">\n\t\t\t\t<div class=\"elementor-widget-container\">\n\t\t\t\t\t\t\t<div class=\"blocVisu\"><a href=\"https:\/\/www.defense.gouv.fr\/air\/actus-air\/missions-connectees-preparation-aux-combats-du-futur\"><img decoding=\"async\" class=\"ezimage-field alignleft\" src=\"https:\/\/www.defense.gouv.fr\/var\/dicod\/storage\/images\/base-de-medias\/images\/air\/actualites\/images-2021\/fevrier-2021\/missions-connectees-1\/10193926-1-fre-FR\/missions-connectees-1_vignette_actu.jpg\" alt=\"\" width=\"\" height=\"\" \/><\/a><a class=\"lien-flech\" href=\"https:\/\/www.defense.gouv.fr\/air\/actus-air\/missions-connectees-preparation-aux-combats-du-futur\"><span class=\"ezstring-field\">Missions connect\u00e9es: pr\u00e9paration aux combats du futur<\/span><\/a><p>La brigade a\u00e9rienne d\u2019appui et de projection (BAAP) du Commandement des forces a\u00e9riennes (CFA) a franchi une..<\/p><\/div>\t\t\t\t\t\t<\/div>\n\t\t\t\t<\/div>\n\t\t\t\t\t<\/div>\n\t\t<\/div>\n\t\t\t\t\t<\/div>\n\t\t<\/section>\n\t\t\t\t<section class=\"elementor-section elementor-top-section elementor-element elementor-element-57149f9 elementor-section-boxed elementor-section-height-default elementor-section-height-default\" data-id=\"57149f9\" data-element_type=\"section\">\n\t\t\t\t\t\t<div class=\"elementor-container elementor-column-gap-default\">\n\t\t\t\t\t<div class=\"elementor-column elementor-col-100 elementor-top-column elementor-element elementor-element-55e818f\" data-id=\"55e818f\" data-element_type=\"column\">\n\t\t\t<div class=\"elementor-widget-wrap elementor-element-populated\">\n\t\t\t\t\t\t<div class=\"elementor-element elementor-element-d1beb7f elementor-widget elementor-widget-text-editor\" data-id=\"d1beb7f\" data-element_type=\"widget\" data-widget_type=\"text-editor.default\">\n\t\t\t\t<div class=\"elementor-widget-container\">\n\t\t\t\t\t\t\t<div class=\"blocVisu\"><a href=\"https:\/\/www.defense.gouv.fr\/air\/actus-air\/une-derive-de-transall-mise-en-place-entre-la-base-aerienne-105-et-la-ville-d-evreux\"><img decoding=\"async\" class=\"ezimage-field alignleft\" src=\"https:\/\/www.defense.gouv.fr\/var\/dicod\/storage\/images\/base-de-medias\/images\/air\/actualites\/images-2021\/fevrier-2021\/base-aerienne-105-et-la-ville-d-evreux-4\/10185636-1-fre-FR\/base-aerienne-105-et-la-ville-d-evreux-4_vignette_actu.jpg\" alt=\"\" width=\"\" height=\"\" \/><\/a><a class=\"lien-flech\" href=\"https:\/\/www.defense.gouv.fr\/air\/actus-air\/une-derive-de-transall-mise-en-place-entre-la-base-aerienne-105-et-la-ville-d-evreux\"><span class=\"ezstring-field\">Une d\u00e9rive de Transall mise en place entre la base a\u00e9rienne 105 et la ville d\u2019\u00c9vreux<\/span><\/a><p>L\u2019entr\u00e9e d\u2019\u00c9vreux a fi\u00e8re allure depuis le 9 f\u00e9vrier 2021, jour o\u00f9 une d\u00e9rive de Transall a \u00e9t\u00e9 inaugur\u00e9e sur..<\/p><\/div>\t\t\t\t\t\t<\/div>\n\t\t\t\t<\/div>\n\t\t\t\t\t<\/div>\n\t\t<\/div>\n\t\t\t\t\t<\/div>\n\t\t<\/section>\n\t\t\t\t<section class=\"elementor-section elementor-top-section elementor-element elementor-element-e23d88c elementor-section-boxed elementor-section-height-default elementor-section-height-default\" data-id=\"e23d88c\" data-element_type=\"section\">\n\t\t\t\t\t\t<div class=\"elementor-container elementor-column-gap-default\">\n\t\t\t\t\t<div class=\"elementor-column elementor-col-100 elementor-top-column elementor-element elementor-element-49ee167\" data-id=\"49ee167\" data-element_type=\"column\">\n\t\t\t<div class=\"elementor-widget-wrap elementor-element-populated\">\n\t\t\t\t\t\t<div class=\"elementor-element elementor-element-c813c32 elementor-widget elementor-widget-text-editor\" data-id=\"c813c32\" data-element_type=\"widget\" data-widget_type=\"text-editor.default\">\n\t\t\t\t<div class=\"elementor-widget-container\">\n\t\t\t\t\t\t\t<div class=\"blocVisu\"><a href=\"https:\/\/www.defense.gouv.fr\/air\/actus-air\/50e-anniversaire-de-l-accident-aerien-du-n262-n-44\"><img decoding=\"async\" class=\"ezimage-field alignleft\" src=\"https:\/\/www.defense.gouv.fr\/var\/dicod\/storage\/images\/base-de-medias\/images\/air\/actualites\/images-2021\/fevrier-2021\/accident-aerien-n-262-6\/10181258-1-fre-FR\/accident-aerien-n-262-6_vignette_actu.jpg\" alt=\"\" width=\"\" height=\"\" \/><\/a><a class=\"lien-flech\" href=\"https:\/\/www.defense.gouv.fr\/air\/actus-air\/50e-anniversaire-de-l-accident-aerien-du-n262-n-44\"><span class=\"ezstring-field\">50e anniversaire de l\u2019accident a\u00e9rien du N262 n\u00b044<\/span><\/a><p>50 ans jour pour jour apr\u00e8s l\u2019\u00e9v\u00e8nement, une c\u00e9r\u00e9monie de comm\u00e9moration de l\u2019accident a\u00e9rien du Nord 262 N\u00b044&#8230;<\/p><\/div>\t\t\t\t\t\t<\/div>\n\t\t\t\t<\/div>\n\t\t\t\t\t<\/div>\n\t\t<\/div>\n\t\t\t\t\t<\/div>\n\t\t<\/section>\n\t\t\t\t<section class=\"elementor-section elementor-top-section elementor-element elementor-element-e5aa5b7 elementor-section-boxed elementor-section-height-default elementor-section-height-default\" data-id=\"e5aa5b7\" data-element_type=\"section\">\n\t\t\t\t\t\t<div class=\"elementor-container elementor-column-gap-default\">\n\t\t\t\t\t<div class=\"elementor-column elementor-col-100 elementor-top-column elementor-element elementor-element-e421d1a\" data-id=\"e421d1a\" data-element_type=\"column\">\n\t\t\t<div class=\"elementor-widget-wrap elementor-element-populated\">\n\t\t\t\t\t\t<div class=\"elementor-element elementor-element-59d6e77 elementor-widget elementor-widget-text-editor\" data-id=\"59d6e77\" data-element_type=\"widget\" data-widget_type=\"text-editor.default\">\n\t\t\t\t<div class=\"elementor-widget-container\">\n\t\t\t\t\t\t\t<div class=\"blocVisu\"><a href=\"https:\/\/www.defense.gouv.fr\/air\/actus-air\/barkhane-journee-bien-remplie-pour-le-c-130j\"><img decoding=\"async\" class=\"ezimage-field alignleft\" src=\"https:\/\/www.defense.gouv.fr\/var\/dicod\/storage\/images\/base-de-medias\/images\/air\/actualites\/images-2021\/fevrier-2021\/c130j-barkhane-1\/10181747-1-fre-FR\/c130j-barkhane-1_vignette_actu.jpg\" alt=\"\" width=\"\" height=\"\" \/><\/a><a class=\"lien-flech\" href=\"https:\/\/www.defense.gouv.fr\/air\/actus-air\/barkhane-journee-bien-remplie-pour-le-c-130j\"><span class=\"ezstring-field\">: Journ\u00e9e bien remplie pour le C-130J<\/span><\/a><p>Le vendredi 15 janvier, au retour de Libreville, le chef du groupement de transport (CGT) donne les ordres du..<\/p><\/div>\t\t\t\t\t\t<\/div>\n\t\t\t\t<\/div>\n\t\t\t\t\t<\/div>\n\t\t<\/div>\n\t\t\t\t\t<\/div>\n\t\t<\/section>\n\t\t\t\t<section class=\"elementor-section elementor-top-section elementor-element elementor-element-1b35214 elementor-section-boxed elementor-section-height-default elementor-section-height-default\" data-id=\"1b35214\" data-element_type=\"section\">\n\t\t\t\t\t\t<div class=\"elementor-container elementor-column-gap-default\">\n\t\t\t\t\t<div class=\"elementor-column elementor-col-100 elementor-top-column elementor-element elementor-element-3777af9\" data-id=\"3777af9\" data-element_type=\"column\">\n\t\t\t<div class=\"elementor-widget-wrap elementor-element-populated\">\n\t\t\t\t\t\t<div class=\"elementor-element elementor-element-fe30e8c elementor-widget elementor-widget-text-editor\" data-id=\"fe30e8c\" data-element_type=\"widget\" data-widget_type=\"text-editor.default\">\n\t\t\t\t<div class=\"elementor-widget-container\">\n\t\t\t\t\t\t\t<div class=\"blocVisu\"><a href=\"https:\/\/www.defense.gouv.fr\/air\/actus-air\/guyane-evacuation-sanitaire-nocturne-sous-haute-tension\"><img decoding=\"async\" class=\"ezimage-field alignleft\" src=\"https:\/\/www.defense.gouv.fr\/var\/dicod\/storage\/images\/base-de-medias\/images\/air\/actualites\/images-2021\/images-janvier-2021\/puma-en-guyane\/10168317-1-fre-FR\/puma-en-guyane_vignette_actu.jpg\" alt=\"\" width=\"\" height=\"\" \/><\/a><a class=\"lien-flech\" href=\"https:\/\/www.defense.gouv.fr\/air\/actus-air\/guyane-evacuation-sanitaire-nocturne-sous-haute-tension\"><span class=\"ezstring-field\">Guyane : \u00c9vacuation sanitaire nocturne sous haute tension.<\/span><\/a><p>Le 27 d\u00e9cembre 2020, l\u2019\u00e9quipage d\u2019alerte de l\u2019escadron de transport 68 \u00ab Antilles-Guyane \u00bb, bas\u00e9 sur la base a\u00e9rienne..<\/p><\/div>\t\t\t\t\t\t<\/div>\n\t\t\t\t<\/div>\n\t\t\t\t\t<\/div>\n\t\t<\/div>\n\t\t\t\t\t<\/div>\n\t\t<\/section>\n\t\t\t\t<section class=\"elementor-section elementor-top-section elementor-element elementor-element-b2c52ba elementor-section-boxed elementor-section-height-default elementor-section-height-default\" data-id=\"b2c52ba\" data-element_type=\"section\">\n\t\t\t\t\t\t<div class=\"elementor-container elementor-column-gap-default\">\n\t\t\t\t\t<div class=\"elementor-column elementor-col-100 elementor-top-column elementor-element elementor-element-9ab95eb\" data-id=\"9ab95eb\" data-element_type=\"column\">\n\t\t\t<div class=\"elementor-widget-wrap elementor-element-populated\">\n\t\t\t\t\t\t<div class=\"elementor-element elementor-element-bb31a27 elementor-widget elementor-widget-text-editor\" data-id=\"bb31a27\" data-element_type=\"widget\" data-widget_type=\"text-editor.default\">\n\t\t\t\t<div class=\"elementor-widget-container\">\n\t\t\t\t\t\t\t<div class=\"blocVisu\"><a href=\"https:\/\/www.defense.gouv.fr\/air\/actus-air\/fapf-double-medevac-pour-le-casa\"><img decoding=\"async\" class=\"ezimage-field alignleft\" src=\"https:\/\/www.defense.gouv.fr\/var\/dicod\/storage\/images\/base-de-medias\/images\/air\/actualites\/images-2021\/images-janvier-2021\/medevac_1\/10165178-1-fre-FR\/medevac_1_vignette_actu.jpg\" alt=\"\" width=\"\" height=\"\" \/><\/a><a class=\"lien-flech\" href=\"https:\/\/www.defense.gouv.fr\/air\/actus-air\/fapf-double-medevac-pour-le-casa\"><span class=\"ezstring-field\">FAPF : Double M\u00e9d\u00e9vac pour le Casa<\/span><\/a><p>Le 5 janvier 2021, l\u2019alerte Casa a \u00e9t\u00e9 d\u00e9clench\u00e9e pour une double \u00e9vacuation m\u00e9dicale (M\u00e9d\u00e9vac) de patients&#8230;<\/p><\/div>\t\t\t\t\t\t<\/div>\n\t\t\t\t<\/div>\n\t\t\t\t\t<\/div>\n\t\t<\/div>\n\t\t\t\t\t<\/div>\n\t\t<\/section>\n\t\t\t\t<section class=\"elementor-section elementor-top-section elementor-element elementor-element-46677e2 elementor-section-boxed elementor-section-height-default elementor-section-height-default\" data-id=\"46677e2\" data-element_type=\"section\">\n\t\t\t\t\t\t<div class=\"elementor-container elementor-column-gap-default\">\n\t\t\t\t\t<div class=\"elementor-column elementor-col-100 elementor-top-column elementor-element elementor-element-220526d\" data-id=\"220526d\" data-element_type=\"column\">\n\t\t\t<div class=\"elementor-widget-wrap elementor-element-populated\">\n\t\t\t\t\t\t<div class=\"elementor-element elementor-element-bfc1261 elementor-widget elementor-widget-text-editor\" data-id=\"bfc1261\" data-element_type=\"widget\" data-widget_type=\"text-editor.default\">\n\t\t\t\t<div class=\"elementor-widget-container\">\n\t\t\t\t\t\t\t<div class=\"blocVisu\"><a href=\"https:\/\/www.defense.gouv.fr\/air\/actus-air\/chammal-tour-avion-avec-le-sergent-chef-xavier-loadmaster-sur-a400m\"><img decoding=\"async\" class=\"ezimage-field alignleft\" src=\"https:\/\/www.defense.gouv.fr\/var\/dicod\/storage\/images\/base-de-medias\/images\/air\/actualites\/images-2021\/images-janvier-2021\/tour-avion_1\/10160104-1-fre-FR\/tour-avion_1_vignette_actu.jpg\" alt=\"\" width=\"\" height=\"\" \/><\/a><a class=\"lien-flech\" href=\"https:\/\/www.defense.gouv.fr\/air\/actus-air\/chammal-tour-avion-avec-le-sergent-chef-xavier-loadmaster-sur-a400m\"><span class=\"ezstring-field\">Chammal : \u00ab tour avion \u00bb avec le sergent-chef Xavier, loadmaster sur A400M<\/span><\/a><p>D\u2019abord m\u00e9canicien, le sergent-chef Xavier s\u2019\u00e9panouit dans l\u2019exercice de son m\u00e9tier : loadmaster sur&#8230;<\/p><\/div>\t\t\t\t\t\t<\/div>\n\t\t\t\t<\/div>\n\t\t\t\t\t<\/div>\n\t\t<\/div>\n\t\t\t\t\t<\/div>\n\t\t<\/section>\n\t\t\t\t<section class=\"elementor-section elementor-top-section elementor-element elementor-element-91642a7 elementor-section-boxed elementor-section-height-default elementor-section-height-default\" data-id=\"91642a7\" data-element_type=\"section\">\n\t\t\t\t\t\t<div class=\"elementor-container elementor-column-gap-default\">\n\t\t\t\t\t<div class=\"elementor-column elementor-col-100 elementor-top-column elementor-element elementor-element-0c1d6df\" data-id=\"0c1d6df\" data-element_type=\"column\">\n\t\t\t<div class=\"elementor-widget-wrap elementor-element-populated\">\n\t\t\t\t\t\t<div class=\"elementor-element elementor-element-35028b8 elementor-widget elementor-widget-text-editor\" data-id=\"35028b8\" data-element_type=\"widget\" data-widget_type=\"text-editor.default\">\n\t\t\t\t<div class=\"elementor-widget-container\">\n\t\t\t\t\t\t\t<div class=\"blocVisu\"><a href=\"https:\/\/www.defense.gouv.fr\/air\/actus-air\/ffdj-l-adjudant-karine-unique-femme-sauveteur-plongeur-heliporte-de-l-aae\"><img decoding=\"async\" class=\"ezimage-field alignleft\" src=\"https:\/\/www.defense.gouv.fr\/var\/dicod\/storage\/images\/base-de-medias\/images\/air\/actualites\/images-2021\/images-janvier-2021\/plouf\/10155358-1-fre-FR\/plouf_vignette_actu.jpg\" alt=\"\" width=\"\" height=\"\" \/><\/a><a class=\"lien-flech\" href=\"https:\/\/www.defense.gouv.fr\/air\/actus-air\/ffdj-l-adjudant-karine-unique-femme-sauveteur-plongeur-heliporte-de-l-aae\"><span class=\"ezstring-field\">FFDJ: l\u2019adjudant Karine, unique femme sauveteur-plongeur h\u00e9liport\u00e9 de l\u2019AAE<\/span><\/a><p>L\u2019adjudant Karine est passionn\u00e9e par son m\u00e9tier de sauveteur-plongeur pour lequel elle a fait preuve de t\u00e9nacit\u00e9..<\/p><\/div>\t\t\t\t\t\t<\/div>\n\t\t\t\t<\/div>\n\t\t\t\t\t<\/div>\n\t\t<\/div>\n\t\t\t\t\t<\/div>\n\t\t<\/section>\n\t\t\t\t<section class=\"elementor-section elementor-top-section elementor-element elementor-element-6c64b5f elementor-section-boxed elementor-section-height-default elementor-section-height-default\" data-id=\"6c64b5f\" data-element_type=\"section\">\n\t\t\t\t\t\t<div class=\"elementor-container elementor-column-gap-default\">\n\t\t\t\t\t<div class=\"elementor-column elementor-col-100 elementor-top-column elementor-element elementor-element-7b2e099\" data-id=\"7b2e099\" data-element_type=\"column\">\n\t\t\t<div class=\"elementor-widget-wrap elementor-element-populated\">\n\t\t\t\t\t\t<div class=\"elementor-element elementor-element-0ae8157 elementor-widget elementor-widget-text-editor\" data-id=\"0ae8157\" data-element_type=\"widget\" data-widget_type=\"text-editor.default\">\n\t\t\t\t<div class=\"elementor-widget-container\">\n\t\t\t\t\t\t\t<div class=\"blocVisu\"><div class=\"blocVisu\"><a href=\"https:\/\/www.defense.gouv.fr\/air\/actus-air\/secmar-et-medevac-premiere-semaine-de-2021-chargee-pour-les-fapf\"><img decoding=\"async\" class=\"ezimage-field alignleft\" src=\"https:\/\/www.defense.gouv.fr\/var\/dicod\/storage\/images\/base-de-medias\/images\/air\/actualites\/images-2021\/fapf_2\/10158591-1-fre-FR\/fapf_2_vignette_actu.jpg\" alt=\"\" width=\"\" height=\"\" \/><\/a><a class=\"lien-flech\" href=\"https:\/\/www.defense.gouv.fr\/air\/actus-air\/secmar-et-medevac-premiere-semaine-de-2021-chargee-pour-les-fapf\"><span class=\"ezstring-field\">Secmar et M\u00e9d\u00e9vac : premi\u00e8re semaine de 2021 charg\u00e9e pour les FAPF<\/span><\/a><p>Les premiers jours du mois de janvier 2021 ont \u00e9t\u00e9 charg\u00e9s en missions, ponctu\u00e9es d\u2019\u00e9vacuations m\u00e9dicales et&#8230; <\/p><\/div><\/div>\t\t\t\t\t\t<\/div>\n\t\t\t\t<\/div>\n\t\t\t\t\t<\/div>\n\t\t<\/div>\n\t\t\t\t\t<\/div>\n\t\t<\/section>\n\t\t\t\t<section class=\"elementor-section elementor-top-section elementor-element elementor-element-2dec15e elementor-section-boxed elementor-section-height-default elementor-section-height-default\" data-id=\"2dec15e\" data-element_type=\"section\">\n\t\t\t\t\t\t<div class=\"elementor-container elementor-column-gap-default\">\n\t\t\t\t\t<div class=\"elementor-column elementor-col-100 elementor-top-column elementor-element elementor-element-fa8d0b3\" data-id=\"fa8d0b3\" data-element_type=\"column\">\n\t\t\t<div class=\"elementor-widget-wrap elementor-element-populated\">\n\t\t\t\t\t\t<div class=\"elementor-element elementor-element-bb832f1 elementor-widget elementor-widget-text-editor\" data-id=\"bb832f1\" data-element_type=\"widget\" data-widget_type=\"text-editor.default\">\n\t\t\t\t<div class=\"elementor-widget-container\">\n\t\t\t\t\t\t\t<div class=\"blocVisu\"><a href=\"https:\/\/www.defense.gouv.fr\/air\/actus-air\/l-a400m-poursuit-sa-monte-e-en-puissance\"><img decoding=\"async\" class=\"ezimage-field alignleft\" src=\"https:\/\/www.defense.gouv.fr\/var\/dicod\/storage\/images\/base-de-medias\/images\/air\/actualites\/images-2021\/images-janvier-2021\/a400m-atlas_1\/10157814-1-fre-FR\/a400m-atlas_1_vignette_actu.png\" alt=\"\" width=\"\" height=\"\" \/><\/a><a class=\"lien-flech\" href=\"https:\/\/www.defense.gouv.fr\/air\/actus-air\/l-a400m-poursuit-sa-monte-e-en-puissance\"><span class=\"ezstring-field\">L\u2019A400M poursuit sa monte\u0301e en puissance<\/span><\/a><p>Les A400M Atlas de l\u2019arm\u00e9e de l\u2019Air et de l\u2019Espace (AAE) sont actuellement qualifi\u00e9s pour permettre le saut&#8230;<\/p><\/div>\t\t\t\t\t\t<\/div>\n\t\t\t\t<\/div>\n\t\t\t\t\t<\/div>\n\t\t<\/div>\n\t\t\t\t\t<\/div>\n\t\t<\/section>\n\t\t\t\t<section class=\"elementor-section elementor-top-section elementor-element elementor-element-2372046 elementor-section-boxed elementor-section-height-default elementor-section-height-default\" data-id=\"2372046\" data-element_type=\"section\">\n\t\t\t\t\t\t<div class=\"elementor-container elementor-column-gap-default\">\n\t\t\t\t\t<div class=\"elementor-column elementor-col-100 elementor-top-column elementor-element elementor-element-2ad38cd\" data-id=\"2ad38cd\" data-element_type=\"column\">\n\t\t\t<div class=\"elementor-widget-wrap elementor-element-populated\">\n\t\t\t\t\t\t<div class=\"elementor-element elementor-element-7b6a155 elementor-widget elementor-widget-text-editor\" data-id=\"7b6a155\" data-element_type=\"widget\" data-widget_type=\"text-editor.default\">\n\t\t\t\t<div class=\"elementor-widget-container\">\n\t\t\t\t\t\t\t<div class=\"blocVisu\"><a href=\"https:\/\/www.defense.gouv.fr\/air\/actus-air\/les-casa-de-polynesie-francaise-effectuent-une-double-evacuation-sanitaire\"><img decoding=\"async\" class=\"ezimage-field alignleft\" src=\"https:\/\/www.defense.gouv.fr\/var\/dicod\/storage\/images\/base-de-medias\/images\/air\/actualites\/images-2021\/images-janvier-2021\/casa_2\/10156138-1-fre-FR\/casa_2_vignette_actu.jpg\" alt=\"\" width=\"\" height=\"\" \/><\/a><a class=\"lien-flech\" href=\"https:\/\/www.defense.gouv.fr\/air\/actus-air\/les-casa-de-polynesie-francaise-effectuent-une-double-evacuation-sanitaire\"><span class=\"ezstring-field\">Les Casa de Polyn\u00e9sie fran\u00e7aise effectuent une double \u00e9vacuation sanitaire<\/span><\/a><p>En Polyn\u00e9sie fran\u00e7aise, l\u2019escadron de transport 82 \u00ab Maine \u00bb met en \u0153uvre deux Casa CN-235 et tient une alerte..<\/p><\/div>\t\t\t\t\t\t<\/div>\n\t\t\t\t<\/div>\n\t\t\t\t\t<\/div>\n\t\t<\/div>\n\t\t\t\t\t<\/div>\n\t\t<\/section>\n\t\t\t\t<section class=\"elementor-section elementor-top-section elementor-element elementor-element-8b1de42 elementor-section-boxed elementor-section-height-default elementor-section-height-default\" data-id=\"8b1de42\" data-element_type=\"section\">\n\t\t\t\t\t\t<div class=\"elementor-container elementor-column-gap-default\">\n\t\t\t\t\t<div class=\"elementor-column elementor-col-100 elementor-top-column elementor-element elementor-element-85d2e19\" data-id=\"85d2e19\" data-element_type=\"column\">\n\t\t\t<div class=\"elementor-widget-wrap elementor-element-populated\">\n\t\t\t\t\t\t<div class=\"elementor-element elementor-element-e62fef8 elementor-widget elementor-widget-text-editor\" data-id=\"e62fef8\" data-element_type=\"widget\" data-widget_type=\"text-editor.default\">\n\t\t\t\t<div class=\"elementor-widget-container\">\n\t\t\t\t\t\t\t<div class=\"blocVisu\"><a href=\"https:\/\/www.defense.gouv.fr\/air\/actus-air\/resilience-un-transall-en-mission-de-transport-vers-les-antilles\"><img decoding=\"async\" class=\"ezimage-field alignleft\" src=\"https:\/\/www.defense.gouv.fr\/var\/dicod\/storage\/images\/base-de-medias\/images\/air\/actualites\/images-2021\/images-janvier-2021\/resilience_2\/10154626-1-fre-FR\/resilience_2_vignette_actu.jpg\" alt=\"\" width=\"\" height=\"\" \/><\/a><a class=\"lien-flech\" href=\"https:\/\/www.defense.gouv.fr\/air\/actus-air\/resilience-un-transall-en-mission-de-transport-vers-les-antilles\"><span class=\"ezstring-field\">R\u00e9silience : un Transall en mission de transport vers les Antilles<\/span><\/a><p>Un C 160 Transall a d\u00e9coll\u00e9 depuis la base a\u00e9rienne 105 d\u2019\u00c9vreux en direction des Antilles, le dimanche 20 d\u00e9cembre&#8230; L\u2019avion de transport a quitt\u00e9 la piste \u00e0 8h45 apr\u00e8s chargement de ces deux imposants r\u00e9frig\u00e9rants par l\u2019escadron de.<\/p><\/div>\t\t\t\t\t\t<\/div>\n\t\t\t\t<\/div>\n\t\t\t\t\t<\/div>\n\t\t<\/div>\n\t\t\t\t\t<\/div>\n\t\t<\/section>\n\t\t\t\t<section class=\"elementor-section elementor-top-section elementor-element elementor-element-34ee1c1 elementor-section-boxed elementor-section-height-default elementor-section-height-default\" data-id=\"34ee1c1\" data-element_type=\"section\">\n\t\t\t\t\t\t<div class=\"elementor-container elementor-column-gap-default\">\n\t\t\t\t\t<div class=\"elementor-column elementor-col-100 elementor-top-column elementor-element elementor-element-9d05d19\" data-id=\"9d05d19\" data-element_type=\"column\">\n\t\t\t<div class=\"elementor-widget-wrap elementor-element-populated\">\n\t\t\t\t\t\t<div class=\"elementor-element elementor-element-609b361 elementor-widget elementor-widget-text-editor\" data-id=\"609b361\" data-element_type=\"widget\" data-widget_type=\"text-editor.default\">\n\t\t\t\t<div class=\"elementor-widget-container\">\n\t\t\t\t\t\t\t<div class=\"blocVisu\"><a href=\"https:\/\/www.defense.gouv.fr\/air\/actus-air\/a340-un-dernier-vol-a-kaunas\"><img decoding=\"async\" class=\"ezimage-field alignleft\" src=\"https:\/\/www.defense.gouv.fr\/var\/dicod\/storage\/images\/base-de-medias\/images\/air\/actualites\/images-2021\/images-janvier-2021\/esterel-1\/10147832-1-fre-FR\/esterel-1_vignette_actu.jpg\" alt=\"\" width=\"\" height=\"\" \/><\/a><a class=\"lien-flech\" href=\"https:\/\/www.defense.gouv.fr\/air\/actus-air\/a340-un-dernier-vol-a-kaunas\"><span class=\"ezstring-field\">A340 : Un dernier vol \u00e0 Kaunas<\/span><\/a><p>Apr\u00e8s quatorze ans de services op\u00e9rationnels au sein de l\u2019escadron de transport (ET) 3\/60 Esterel, les deux&#8230; J-3 mois Sur la base a\u00e9rienne 110 de Creil, en lisi\u00e8re de for\u00eat, se niche une..<\/p><\/div>\t\t\t\t\t\t<\/div>\n\t\t\t\t<\/div>\n\t\t\t\t\t<\/div>\n\t\t<\/div>\n\t\t\t\t\t<\/div>\n\t\t<\/section>\n\t\t\t\t<section class=\"elementor-section elementor-top-section elementor-element elementor-element-da13b48 elementor-section-boxed elementor-section-height-default elementor-section-height-default\" data-id=\"da13b48\" data-element_type=\"section\">\n\t\t\t\t\t\t<div class=\"elementor-container elementor-column-gap-default\">\n\t\t\t\t\t<div class=\"elementor-column elementor-col-100 elementor-top-column elementor-element elementor-element-6b918fa\" data-id=\"6b918fa\" data-element_type=\"column\">\n\t\t\t<div class=\"elementor-widget-wrap elementor-element-populated\">\n\t\t\t\t\t\t<div class=\"elementor-element elementor-element-533745d elementor-widget elementor-widget-text-editor\" data-id=\"533745d\" data-element_type=\"widget\" data-widget_type=\"text-editor.default\">\n\t\t\t\t<div class=\"elementor-widget-container\">\n\t\t\t\t\t\t\t<div class=\"blocVisu\"><p><a href=\"https:\/\/www.defense.gouv.fr\/air\/actus-air\/l-aae-percoit-son-deuxieme-avion-leger-de-surveillance-et-de-reconnaissance\"><img decoding=\"async\" class=\"ezimage-field alignleft\" src=\"https:\/\/www.defense.gouv.fr\/var\/dicod\/storage\/images\/base-de-medias\/images\/air\/actualites\/images-2020\/decembre-2020\/alsr_4\/10124100-1-fre-FR\/alsr_4_vignette_actu.jpg\" alt=\"\" width=\"\" height=\"\" \/><\/a><a class=\"lien-flech\" href=\"https:\/\/www.defense.gouv.fr\/air\/actus-air\/l-aae-percoit-son-deuxieme-avion-leger-de-surveillance-et-de-reconnaissance\"><span class=\"ezstring-field\">L\u2019AAE per\u00e7oit son deuxi\u00e8me avion l\u00e9ger de surveillance et de reconnaissance<\/span><\/a> \u00a0\u00a0\u00a0\u00a0\u00a0\u00a0\u00a0\u00a0\u00a0\u00a0\u00a0\u00a0\u00a0\u00a0\u00a0\u00a0\u00a0\u00a0\u00a0\u00a0\u00a0\u00a0\u00a0 Mercredi 2 d\u00e9cembre 2020, l\u2019arm\u00e9e de l\u2019Air et de l\u2019Espace (AAE) a re\u00e7u le second des deux avions l\u00e9gers de surveillance..<\/p><\/div>\t\t\t\t\t\t<\/div>\n\t\t\t\t<\/div>\n\t\t\t\t\t<\/div>\n\t\t<\/div>\n\t\t\t\t\t<\/div>\n\t\t<\/section>\n\t\t\t\t<section class=\"elementor-section elementor-top-section elementor-element elementor-element-3f565cc elementor-section-boxed elementor-section-height-default elementor-section-height-default\" data-id=\"3f565cc\" data-element_type=\"section\">\n\t\t\t\t\t\t<div class=\"elementor-container elementor-column-gap-default\">\n\t\t\t\t\t<div class=\"elementor-column elementor-col-100 elementor-top-column elementor-element elementor-element-c9795cc\" data-id=\"c9795cc\" data-element_type=\"column\">\n\t\t\t<div class=\"elementor-widget-wrap elementor-element-populated\">\n\t\t\t\t\t\t<div class=\"elementor-element elementor-element-10a6985 elementor-widget elementor-widget-text-editor\" data-id=\"10a6985\" data-element_type=\"widget\" data-widget_type=\"text-editor.default\">\n\t\t\t\t<div class=\"elementor-widget-container\">\n\t\t\t\t\t\t\t<div class=\"blocVisu\"><a href=\"https:\/\/www.defense.gouv.fr\/air\/actus-air\/dark-dune-exercice-de-ravitaillement-franco-americain\"><img decoding=\"async\" class=\"ezimage-field alignleft\" src=\"https:\/\/www.defense.gouv.fr\/var\/dicod\/storage\/images\/base-de-medias\/images\/air\/actualites\/images-2020\/images-decembre-2020\/dark-dune_1\/10135893-1-fre-FR\/dark-dune_1_vignette_actu.jpg\" alt=\"\" width=\"\" height=\"\" \/><\/a><a class=\"lien-flech\" href=\"https:\/\/www.defense.gouv.fr\/air\/actus-air\/dark-dune-exercice-de-ravitaillement-franco-americain\"><span class=\"ezstring-field\">\u00ab Dark Dune \u00bb: exercice de ravitaillement franco-am\u00e9ricain<\/span><\/a><p>D\u00e9but d\u00e9cembre 2020, l\u2019exercice franco-am\u00e9ricain \u00ab Dark Dune \u00bb s\u2019est d\u00e9roul\u00e9 sur la base a\u00e9rienne (BA) 120 de&#8230; .<\/p><\/div>\t\t\t\t\t\t<\/div>\n\t\t\t\t<\/div>\n\t\t\t\t\t<\/div>\n\t\t<\/div>\n\t\t\t\t\t<\/div>\n\t\t<\/section>\n\t\t\t\t<section class=\"elementor-section elementor-top-section elementor-element elementor-element-337129c elementor-section-boxed elementor-section-height-default elementor-section-height-default\" data-id=\"337129c\" data-element_type=\"section\">\n\t\t\t\t\t\t<div class=\"elementor-container elementor-column-gap-default\">\n\t\t\t\t\t<div class=\"elementor-column elementor-col-100 elementor-top-column elementor-element elementor-element-3c659c6\" data-id=\"3c659c6\" data-element_type=\"column\">\n\t\t\t<div class=\"elementor-widget-wrap elementor-element-populated\">\n\t\t\t\t\t\t<div class=\"elementor-element elementor-element-af9ded1 elementor-widget elementor-widget-text-editor\" data-id=\"af9ded1\" data-element_type=\"widget\" data-widget_type=\"text-editor.default\">\n\t\t\t\t<div class=\"elementor-widget-container\">\n\t\t\t\t\t\t\t<div class=\"blocVisu\"><div class=\"blocVisu\"><a href=\"https:\/\/www.defense.gouv.fr\/air\/actus-air\/fapf-rapatriement-par-casa-de-residents-polynesiens-bloques-sur-les-iles-cook\"><img decoding=\"async\" class=\"ezimage-field alignleft\" src=\"https:\/\/www.defense.gouv.fr\/var\/dicod\/storage\/images\/base-de-medias\/images\/air\/actualites\/images-2020\/decembre-2020\/fapf_1\/10124409-1-fre-FR\/fapf_1_vignette_actu.jpg\" alt=\"\" width=\"\" height=\"\" \/><\/a><a class=\"lien-flech\" href=\"https:\/\/www.defense.gouv.fr\/air\/actus-air\/fapf-rapatriement-par-casa-de-residents-polynesiens-bloques-sur-les-iles-cook\"><span class=\"ezstring-field\">FAPF : Rapatriement par Casa de r\u00e9sidents polyn\u00e9siens bloqu\u00e9s sur les \u00eeles Cook<\/span><\/a><p>Le 26 novembre 2020, sur demande de concours du Haut-Commissariat de la R\u00e9publique en Polyn\u00e9sie fran\u00e7aise, un&#8230;<\/p><\/div><\/div><div class=\"blocTxt\"><p>\u00a0<\/p><\/div>\t\t\t\t\t\t<\/div>\n\t\t\t\t<\/div>\n\t\t\t\t\t<\/div>\n\t\t<\/div>\n\t\t\t\t\t<\/div>\n\t\t<\/section>\n\t\t\t\t<section class=\"elementor-section elementor-top-section elementor-element elementor-element-18ee928 elementor-section-boxed elementor-section-height-default elementor-section-height-default\" data-id=\"18ee928\" data-element_type=\"section\">\n\t\t\t\t\t\t<div class=\"elementor-container elementor-column-gap-default\">\n\t\t\t\t\t<div class=\"elementor-column elementor-col-100 elementor-top-column elementor-element elementor-element-e476ca3\" data-id=\"e476ca3\" data-element_type=\"column\">\n\t\t\t<div class=\"elementor-widget-wrap elementor-element-populated\">\n\t\t\t\t\t\t<div class=\"elementor-element elementor-element-7dd7a85 elementor-widget elementor-widget-text-editor\" data-id=\"7dd7a85\" data-element_type=\"widget\" data-widget_type=\"text-editor.default\">\n\t\t\t\t<div class=\"elementor-widget-container\">\n\t\t\t\t\t\t\t<div class=\"blocVisu\"><a href=\"https:\/\/www.defense.gouv.fr\/air\/actus-air\/fag-deux-evacuations-medicales-en-une-semaine\"><img decoding=\"async\" class=\"ezimage-field alignleft\" src=\"https:\/\/www.defense.gouv.fr\/var\/dicod\/storage\/images\/base-de-medias\/images\/air\/actualites\/images-2020\/decembre-2020\/fag_1\/10119229-1-fre-FR\/fag_1_vignette_actu.jpg\" alt=\"\" width=\"\" height=\"\" \/><\/a><a class=\"lien-flech\" href=\"https:\/\/www.defense.gouv.fr\/air\/actus-air\/fag-deux-evacuations-medicales-en-une-semaine\"><span class=\"ezstring-field\">FAG : Deux \u00e9vacuations m\u00e9dicales en une semaine<\/span><\/a><p>En l\u2019espace d\u2019une semaine en novembre 2020, deux h\u00e9licopt\u00e8res Puma de la base a\u00e9rienne (BA) 367 ont d\u00e9coll\u00e9&#8230; Le 17 novembre 2020, la cha\u00eene d\u2019alerte \u00e9vacuation m\u00e9dicale est d\u00e9clench\u00e9e au sein de l\u2019\u00e9tat-major des Forces arm\u00e9es..<\/p><\/div>\t\t\t\t\t\t<\/div>\n\t\t\t\t<\/div>\n\t\t\t\t\t<\/div>\n\t\t<\/div>\n\t\t\t\t\t<\/div>\n\t\t<\/section>\n\t\t\t\t<section class=\"elementor-section elementor-top-section elementor-element elementor-element-7d1b165 elementor-section-boxed elementor-section-height-default elementor-section-height-default\" data-id=\"7d1b165\" data-element_type=\"section\">\n\t\t\t\t\t\t<div class=\"elementor-container elementor-column-gap-default\">\n\t\t\t\t\t<div class=\"elementor-column elementor-col-100 elementor-top-column elementor-element elementor-element-d81f356\" data-id=\"d81f356\" data-element_type=\"column\">\n\t\t\t<div class=\"elementor-widget-wrap elementor-element-populated\">\n\t\t\t\t\t\t<div class=\"elementor-element elementor-element-8315004 elementor-widget elementor-widget-text-editor\" data-id=\"8315004\" data-element_type=\"widget\" data-widget_type=\"text-editor.default\">\n\t\t\t\t<div class=\"elementor-widget-container\">\n\t\t\t\t\t\t\t<div class=\"blocVisu\"><a href=\"https:\/\/www.defense.gouv.fr\/air\/actus-air\/acinonyx-entrainement-a-grande-echelle-pour-les-equipages-de-transport-tactique\"><img decoding=\"async\" class=\"ezimage-field alignleft\" src=\"https:\/\/www.defense.gouv.fr\/var\/dicod\/storage\/images\/base-de-medias\/images\/air\/actualites\/images-2020\/images-novembre-2020\/acinonyx-5\/10116199-1-fre-FR\/acinonyx-5_vignette_actu.jpg\" alt=\"\" width=\"\" height=\"\" \/><\/a><a class=\"lien-flech\" href=\"https:\/\/www.defense.gouv.fr\/air\/actus-air\/acinonyx-entrainement-a-grande-echelle-pour-les-equipages-de-transport-tactique\"><span class=\"ezstring-field\">Acinonyx: Entra\u00eenement \u00e0 grande \u00e9chelle pour les \u00e9quipages de transport tactique<\/span><\/a><p>Du 16 au 20 novembre 2020, les \u00e9quipages de transport de l\u2019arm\u00e9e de l\u2019Air et de l\u2019Espace se sont d\u00e9ploy\u00e9s \u00e0&#8230;<\/p><\/div>\t\t\t\t\t\t<\/div>\n\t\t\t\t<\/div>\n\t\t\t\t\t<\/div>\n\t\t<\/div>\n\t\t\t\t\t<\/div>\n\t\t<\/section>\n\t\t\t\t<section class=\"elementor-section elementor-top-section elementor-element elementor-element-efd952d elementor-section-boxed elementor-section-height-default elementor-section-height-default\" data-id=\"efd952d\" data-element_type=\"section\">\n\t\t\t\t\t\t<div class=\"elementor-container elementor-column-gap-default\">\n\t\t\t\t\t<div class=\"elementor-column elementor-col-100 elementor-top-column elementor-element elementor-element-8967b1b\" data-id=\"8967b1b\" data-element_type=\"column\">\n\t\t\t<div class=\"elementor-widget-wrap elementor-element-populated\">\n\t\t\t\t\t\t<div class=\"elementor-element elementor-element-3211a34 elementor-widget elementor-widget-text-editor\" data-id=\"3211a34\" data-element_type=\"widget\" data-widget_type=\"text-editor.default\">\n\t\t\t\t<div class=\"elementor-widget-container\">\n\t\t\t\t\t\t\t<div class=\"blocVisu\"><a href=\"https:\/\/www.defense.gouv.fr\/air\/actus-air\/le-premier-a330-200-rejoint-l-esterel\"><img decoding=\"async\" class=\"ezimage-field alignleft\" src=\"https:\/\/www.defense.gouv.fr\/var\/dicod\/storage\/images\/base-de-medias\/images\/air\/actualites\/images-2020\/a330-200\/a330-200\/10117063-4-fre-FR\/a330-200_vignette_actu.jpg\" alt=\"\" width=\"\" height=\"\" \/><\/a><a class=\"lien-flech\" href=\"https:\/\/www.defense.gouv.fr\/air\/actus-air\/le-premier-a330-200-rejoint-l-esterel\"><span class=\"ezstring-field\">Le premier A330-200 rejoint l\u2019Est\u00e9rel !<\/span><\/a><p>Jeudi 26 novembre 2020, l\u2019arm\u00e9e de l\u2019Air et de l\u2019Espace a r\u00e9ceptionn\u00e9 \u00e0 Roissy Charles-de-Gaulle son premier..<\/p><\/div>\t\t\t\t\t\t<\/div>\n\t\t\t\t<\/div>\n\t\t\t\t\t<\/div>\n\t\t<\/div>\n\t\t\t\t\t<\/div>\n\t\t<\/section>\n\t\t\t\t<\/div>\n\t\t","protected":false},"excerpt":{"rendered":"<p>La base a\u00e9rienne 105 d\u2019\u00c9vreux r\u00e9ceptionne son tout premier C130J L\u2019emprise d\u2019\u00c9vreux a re\u00e7u, en son sein, son tout premier C130J. L\u2019arriv\u00e9e de l\u2019appareil marque les premiers.. 14 Juillet 2021 : Embarquement \u00e0 bord d\u2019un C-130J Chasseurs, h\u00e9licopt\u00e8res, transporteurs : tous prennent part au d\u00e9fil\u00e9 a\u00e9rien pour le 14 Juillet. Apr\u00e8s des mois&#8230; \u00c9change d\u2019h\u00e9licopt\u00e8res [&hellip;]<\/p>\n","protected":false},"author":1,"featured_media":0,"comment_status":"closed","ping_status":"closed","sticky":false,"template":"","format":"standard","meta":[],"categories":[1],"tags":[],"_links":{"self":[{"href":"https:\/\/antam.ovh\/index.php\/wp-json\/wp\/v2\/posts\/5368"}],"collection":[{"href":"https:\/\/antam.ovh\/index.php\/wp-json\/wp\/v2\/posts"}],"about":[{"href":"https:\/\/antam.ovh\/index.php\/wp-json\/wp\/v2\/types\/post"}],"author":[{"embeddable":true,"href":"https:\/\/antam.ovh\/index.php\/wp-json\/wp\/v2\/users\/1"}],"replies":[{"embeddable":true,"href":"https:\/\/antam.ovh\/index.php\/wp-json\/wp\/v2\/comments?post=5368"}],"version-history":[{"count":91,"href":"https:\/\/antam.ovh\/index.php\/wp-json\/wp\/v2\/posts\/5368\/revisions"}],"predecessor-version":[{"id":6045,"href":"https:\/\/antam.ovh\/index.php\/wp-json\/wp\/v2\/posts\/5368\/revisions\/6045"}],"wp:attachment":[{"href":"https:\/\/antam.ovh\/index.php\/wp-json\/wp\/v2\/media?parent=5368"}],"wp:term":[{"taxonomy":"category","embeddable":true,"href":"https:\/\/antam.ovh\/index.php\/wp-json\/wp\/v2\/categories?post=5368"},{"taxonomy":"post_tag","embeddable":true,"href":"https:\/\/antam.ovh\/index.php\/wp-json\/wp\/v2\/tags?post=5368"}],"curies":[{"name":"wp","href":"https:\/\/api.w.org\/{rel}","templated":true}]}}