{"id":5486,"date":"2021-02-08T17:36:35","date_gmt":"2021-02-08T16:36:35","guid":{"rendered":"http:\/\/antam.ovh\/?p=5486"},"modified":"2021-02-08T17:52:25","modified_gmt":"2021-02-08T16:52:25","slug":"temoignage","status":"publish","type":"post","link":"https:\/\/antam.ovh\/index.php\/2021\/02\/08\/temoignage\/","title":{"rendered":"T\u00e9moignage"},"content":{"rendered":"\t\t<div data-elementor-type=\"wp-post\" data-elementor-id=\"5486\" class=\"elementor elementor-5486\">\n\t\t\t\t\t\t<section class=\"elementor-section elementor-top-section elementor-element elementor-element-c334cb2 elementor-section-boxed elementor-section-height-default elementor-section-height-default\" data-id=\"c334cb2\" data-element_type=\"section\">\n\t\t\t\t\t\t<div class=\"elementor-container elementor-column-gap-default\">\n\t\t\t\t\t<div class=\"elementor-column elementor-col-100 elementor-top-column elementor-element elementor-element-566bf18\" data-id=\"566bf18\" data-element_type=\"column\">\n\t\t\t<div class=\"elementor-widget-wrap elementor-element-populated\">\n\t\t\t\t\t\t<div class=\"elementor-element elementor-element-244eea0 elementor-widget elementor-widget-text-editor\" data-id=\"244eea0\" data-element_type=\"widget\" data-widget_type=\"text-editor.default\">\n\t\t\t\t<div class=\"elementor-widget-container\">\n\t\t\t\t\t\t\t<p>Pierre Beder nous a quitt\u00e9s mercedi 3 f\u00e9vrier. Vous pouvez le retrouver dans l&rsquo;<a href=\"http:\/\/antam.ovh\/index.php\/espace-adherents\/\">espace adh\u00e9rent<\/a>, \u00e0 la rubrique \u00ab\u00a0informations adh\u00e9rents\u00a0\u00bb gr\u00e2ce\u00a0 \u00e0 son t\u00e9moignage (extrait) enregistr\u00e9 en video par Hugues de Sacy en juin 2019<\/p>\t\t\t\t\t\t<\/div>\n\t\t\t\t<\/div>\n\t\t\t\t\t<\/div>\n\t\t<\/div>\n\t\t\t\t\t<\/div>\n\t\t<\/section>\n\t\t\t\t<\/div>\n\t\t","protected":false},"excerpt":{"rendered":"<p>Pierre Beder nous a quitt\u00e9s mercedi 3 f\u00e9vrier. Vous pouvez le retrouver dans l&rsquo;espace adh\u00e9rent, \u00e0 la rubrique \u00ab\u00a0informations adh\u00e9rents\u00a0\u00bb gr\u00e2ce\u00a0 \u00e0 son t\u00e9moignage (extrait) enregistr\u00e9 en video par Hugues de Sacy en juin 2019<\/p>\n","protected":false},"author":1,"featured_media":0,"comment_status":"closed","ping_status":"closed","sticky":false,"template":"","format":"standard","meta":[],"categories":[1],"tags":[],"_links":{"self":[{"href":"https:\/\/antam.ovh\/index.php\/wp-json\/wp\/v2\/posts\/5486"}],"collection":[{"href":"https:\/\/antam.ovh\/index.php\/wp-json\/wp\/v2\/posts"}],"about":[{"href":"https:\/\/antam.ovh\/index.php\/wp-json\/wp\/v2\/types\/post"}],"author":[{"embeddable":true,"href":"https:\/\/antam.ovh\/index.php\/wp-json\/wp\/v2\/users\/1"}],"replies":[{"embeddable":true,"href":"https:\/\/antam.ovh\/index.php\/wp-json\/wp\/v2\/comments?post=5486"}],"version-history":[{"count":16,"href":"https:\/\/antam.ovh\/index.php\/wp-json\/wp\/v2\/posts\/5486\/revisions"}],"predecessor-version":[{"id":5502,"href":"https:\/\/antam.ovh\/index.php\/wp-json\/wp\/v2\/posts\/5486\/revisions\/5502"}],"wp:attachment":[{"href":"https:\/\/antam.ovh\/index.php\/wp-json\/wp\/v2\/media?parent=5486"}],"wp:term":[{"taxonomy":"category","embeddable":true,"href":"https:\/\/antam.ovh\/index.php\/wp-json\/wp\/v2\/categories?post=5486"},{"taxonomy":"post_tag","embeddable":true,"href":"https:\/\/antam.ovh\/index.php\/wp-json\/wp\/v2\/tags?post=5486"}],"curies":[{"name":"wp","href":"https:\/\/api.w.org\/{rel}","templated":true}]}}