{"id":7831,"date":"2023-08-17T18:32:05","date_gmt":"2023-08-17T16:32:05","guid":{"rendered":"https:\/\/antam.ovh\/?p=7831"},"modified":"2023-08-18T12:43:53","modified_gmt":"2023-08-18T10:43:53","slug":"prises-de-commandements-sur-la-ba-123","status":"publish","type":"post","link":"https:\/\/antam.ovh\/index.php\/2023\/08\/17\/prises-de-commandements-sur-la-ba-123\/","title":{"rendered":"Prises de commandements sur la BA 123"},"content":{"rendered":"\t\t<div data-elementor-type=\"wp-post\" data-elementor-id=\"7831\" class=\"elementor elementor-7831\">\n\t\t\t\t\t\t<section class=\"elementor-section elementor-top-section elementor-element elementor-element-4068eba elementor-section-boxed elementor-section-height-default elementor-section-height-default\" data-id=\"4068eba\" data-element_type=\"section\">\n\t\t\t\t\t\t<div class=\"elementor-container elementor-column-gap-default\">\n\t\t\t\t\t<div class=\"elementor-column elementor-col-100 elementor-top-column elementor-element elementor-element-969854f\" data-id=\"969854f\" data-element_type=\"column\">\n\t\t\t<div class=\"elementor-widget-wrap elementor-element-populated\">\n\t\t\t\t\t\t<div class=\"elementor-element elementor-element-daf481b elementor-widget elementor-widget-text-editor\" data-id=\"daf481b\" data-element_type=\"widget\" data-widget_type=\"text-editor.default\">\n\t\t\t\t<div class=\"elementor-widget-container\">\n\t\t\t\t\t\t\t<p>Le mercredi 19 juillet 2023 a \u00e9t\u00e9 marqu\u00e9 par la prise de commandement de la base a\u00e9rienne (BA) 123 d\u2019Orl\u00e9ans-Bricy ainsi que de trois autres unit\u00e9s de la base sous la pr\u00e9sidence du g\u00e9n\u00e9ral de corps a\u00e9rien (GCA) J\u00e9r\u00f4me Bellanger, commandant les Forces a\u00e9riennes strat\u00e9giques.<\/p><p class=\"text-align-justify\">Cette c\u00e9r\u00e9monie a d\u00e9but\u00e9 par la passation de commandement de la base. Apr\u00e8s deux ann\u00e9es de commandement pour le colonel Guillaume Vernet, le flambeau a \u00e9t\u00e9 transmis au colonel Jean-Fran\u00e7ois D\u00e9planche. Ancien pilote de Transall, le nouveau commandant de la BA 123 a \u00e9t\u00e9 brevet\u00e9 pilote de transport en 2005 et d\u00e9tient plus de 3\u00a0800 heures de vol.<\/p><p class=\"text-align-justify\">La 61e escadre de transport, l\u2019escadron de transport 4\/61 \u00ab\u00a0B\u00e9arn\u00a0\u00bb et le centre d\u2019instruction des \u00e9quipages de transport 340 ont \u00e9galement \u00e9t\u00e9 mis \u00e0 l\u2019honneur. Le lieutenant-colonel Fabrice, le commandant Stephen et le lieutenant-colonel Pierre-Yves ont respectivement pris le commandement de ces unit\u00e9s.<\/p><p class=\"text-align-justify\">Pour cl\u00f4turer cette c\u00e9r\u00e9monie, les troupes ont d\u00e9fil\u00e9 \u00e0 pied et en v\u00e9hicules motoris\u00e9s suivies dans les airs par deux A400M Atlas et un C-130J.<\/p><p>Le GCA (2S) Herv\u00e9 Bertrand, pr\u00e9sident de l&rsquo;ANTAM a remis le troph\u00e9e \u00ab\u00a0Ailes d&rsquo;excellence 2023\u00a0\u00bb au CIET 340 pour la r\u00e9alisation de son cours sur l&rsquo;histoire du TAM au profit des stagiaires.<\/p><p class=\"text-align-justify\">Puis, le GCA Bellanger s\u2019est exprim\u00e9 lors d\u2019un discours soulignant que \u00ab <em>les Aviateurs de la base a\u00e9rienne et de la base de d\u00e9fense d\u2019Orl\u00e9ans-Bricy contribuent au d\u00e9veloppement de la puissance a\u00e9rienne fran\u00e7aise et \u00e0 notre capacit\u00e9 \u00e0 la projeter partout sur le globe, capacit\u00e9 qui s\u2019articule d\u00e9sormais autour du triptyque redoutable Rafale\/A400M\/MRTT\u00a0<\/em>\u00bb. Enfin, il a remerci\u00e9 les commandants d\u2019unit\u00e9s descendants et montants en concluant pour ces derniers\u00a0: \u00ab\u00a0<em>L\u2019arm\u00e9e de l\u2019Air et de l\u2019Espace compte sur vous pour entretenir et m\u00eame faire grandir le flambeau que vous venez de recevoir. Un conseil, faites preuve d\u2019autorit\u00e9. Mais celle avec un grand A.<\/em>\u00a0\u00bb<\/p>\t\t\t\t\t\t<\/div>\n\t\t\t\t<\/div>\n\t\t\t\t\t<\/div>\n\t\t<\/div>\n\t\t\t\t\t<\/div>\n\t\t<\/section>\n\t\t\t\t<section class=\"elementor-section elementor-top-section elementor-element elementor-element-f3e5338 elementor-section-boxed elementor-section-height-default elementor-section-height-default\" data-id=\"f3e5338\" data-element_type=\"section\">\n\t\t\t\t\t\t<div class=\"elementor-container elementor-column-gap-default\">\n\t\t\t\t\t<div class=\"elementor-column elementor-col-100 elementor-top-column elementor-element elementor-element-a514598\" data-id=\"a514598\" data-element_type=\"column\">\n\t\t\t<div class=\"elementor-widget-wrap\">\n\t\t\t\t\t\t\t<\/div>\n\t\t<\/div>\n\t\t\t\t\t<\/div>\n\t\t<\/section>\n\t\t\t\t<\/div>\n\t\t","protected":false},"excerpt":{"rendered":"<p>Le mercredi 19 juillet 2023 a \u00e9t\u00e9 marqu\u00e9 par la prise de commandement de la base a\u00e9rienne (BA) 123 d\u2019Orl\u00e9ans-Bricy ainsi que de trois autres unit\u00e9s de la base sous la pr\u00e9sidence du g\u00e9n\u00e9ral de corps a\u00e9rien (GCA) J\u00e9r\u00f4me Bellanger, commandant les Forces a\u00e9riennes strat\u00e9giques. Cette c\u00e9r\u00e9monie a d\u00e9but\u00e9 par la passation de commandement de [&hellip;]<\/p>\n","protected":false},"author":1,"featured_media":0,"comment_status":"closed","ping_status":"closed","sticky":false,"template":"","format":"standard","meta":[],"categories":[6],"tags":[],"_links":{"self":[{"href":"https:\/\/antam.ovh\/index.php\/wp-json\/wp\/v2\/posts\/7831"}],"collection":[{"href":"https:\/\/antam.ovh\/index.php\/wp-json\/wp\/v2\/posts"}],"about":[{"href":"https:\/\/antam.ovh\/index.php\/wp-json\/wp\/v2\/types\/post"}],"author":[{"embeddable":true,"href":"https:\/\/antam.ovh\/index.php\/wp-json\/wp\/v2\/users\/1"}],"replies":[{"embeddable":true,"href":"https:\/\/antam.ovh\/index.php\/wp-json\/wp\/v2\/comments?post=7831"}],"version-history":[{"count":11,"href":"https:\/\/antam.ovh\/index.php\/wp-json\/wp\/v2\/posts\/7831\/revisions"}],"predecessor-version":[{"id":7891,"href":"https:\/\/antam.ovh\/index.php\/wp-json\/wp\/v2\/posts\/7831\/revisions\/7891"}],"wp:attachment":[{"href":"https:\/\/antam.ovh\/index.php\/wp-json\/wp\/v2\/media?parent=7831"}],"wp:term":[{"taxonomy":"category","embeddable":true,"href":"https:\/\/antam.ovh\/index.php\/wp-json\/wp\/v2\/categories?post=7831"},{"taxonomy":"post_tag","embeddable":true,"href":"https:\/\/antam.ovh\/index.php\/wp-json\/wp\/v2\/tags?post=7831"}],"curies":[{"name":"wp","href":"https:\/\/api.w.org\/{rel}","templated":true}]}}