{"id":7914,"date":"2023-08-29T21:09:43","date_gmt":"2023-08-29T19:09:43","guid":{"rendered":"https:\/\/antam.ovh\/?p=7914"},"modified":"2023-08-29T23:07:49","modified_gmt":"2023-08-29T21:07:49","slug":"la-base-devreux-change-de-chef","status":"publish","type":"post","link":"https:\/\/antam.ovh\/index.php\/2023\/08\/29\/la-base-devreux-change-de-chef\/","title":{"rendered":"La base d&rsquo;Evreux change de chef"},"content":{"rendered":"\t\t<div data-elementor-type=\"wp-post\" data-elementor-id=\"7914\" class=\"elementor elementor-7914\">\n\t\t\t\t\t\t<section class=\"elementor-section elementor-top-section elementor-element elementor-element-9ed0207 elementor-section-boxed elementor-section-height-default elementor-section-height-default\" data-id=\"9ed0207\" data-element_type=\"section\">\n\t\t\t\t\t\t<div class=\"elementor-container elementor-column-gap-default\">\n\t\t\t\t\t<div class=\"elementor-column elementor-col-100 elementor-top-column elementor-element elementor-element-d3cefc6\" data-id=\"d3cefc6\" data-element_type=\"column\">\n\t\t\t<div class=\"elementor-widget-wrap elementor-element-populated\">\n\t\t\t\t\t\t<div class=\"elementor-element elementor-element-02bf905 elementor-widget elementor-widget-text-editor\" data-id=\"02bf905\" data-element_type=\"widget\" data-widget_type=\"text-editor.default\">\n\t\t\t\t<div class=\"elementor-widget-container\">\n\t\t\t\t\t\t\t<p><span style=\"color: #003366;\">Mardi 29 ao\u00fbt, le colonel Christophe Piubeni a pris le commandement de la base a\u00e9rienne 105 d&rsquo;Evreux, succ\u00e9dant ainsi au colonel Sol\u00e8ne Le Floch au cours d&rsquo;une prise d&rsquo;armes pr\u00e9sid\u00e9e par le GCA Philippe Morales, major g\u00e9n\u00e9ral de l&rsquo;arm\u00e9e de l&rsquo;air et de l&rsquo;espace .<\/span><\/p><p><span style=\"color: #003366;\">A l&rsquo;issue de cette c\u00e9r\u00e9monie, le GCA (2s) Herv\u00e9 Bertrand, pr\u00e9sident de l&rsquo;ANTAM, a remis les troph\u00e9es \u00ab\u00a0Ailes d&rsquo;excellence 2023\u00a0\u00bb :<\/span><\/p><p><span style=\"color: #003366;\">&#8211; au capitaine Pauline Hugon-Janin de l\u2019EIE Casa. Cet officier pilote a \u00e9t\u00e9 \u00e0 l\u2019origine des livr\u00e9es c\u00e9l\u00e9brant <\/span><br \/><span style=\"color: #003366;\">les 70 ans de l\u2019Anjou et du B\u00e9arn et le retrait du service des C 160 Transall,<\/span><br \/><span style=\"color: #003366;\">&#8211; \u00e0 l\u2019ESTA 15.064 EURE, pour le d\u00e9pannage d\u2019un Casa sur un terrain sommaire au Tchad dans <\/span><br \/><span style=\"color: #003366;\">des conditions particuli\u00e8rement d\u00e9grad\u00e9es.<\/span><\/p>\t\t\t\t\t\t<\/div>\n\t\t\t\t<\/div>\n\t\t\t\t\t<\/div>\n\t\t<\/div>\n\t\t\t\t\t<\/div>\n\t\t<\/section>\n\t\t\t\t<section class=\"elementor-section elementor-top-section elementor-element elementor-element-609985a elementor-section-boxed elementor-section-height-default elementor-section-height-default\" data-id=\"609985a\" data-element_type=\"section\">\n\t\t\t\t\t\t<div class=\"elementor-container elementor-column-gap-default\">\n\t\t\t\t\t<div class=\"elementor-column elementor-col-100 elementor-top-column elementor-element elementor-element-f02dda5\" data-id=\"f02dda5\" data-element_type=\"column\">\n\t\t\t<div class=\"elementor-widget-wrap\">\n\t\t\t\t\t\t\t<\/div>\n\t\t<\/div>\n\t\t\t\t\t<\/div>\n\t\t<\/section>\n\t\t\t\t<\/div>\n\t\t","protected":false},"excerpt":{"rendered":"<p>Mardi 29 ao\u00fbt, le colonel Christophe Piubeni a pris le commandement de la base a\u00e9rienne 105 d&rsquo;Evreux, succ\u00e9dant ainsi au colonel Sol\u00e8ne Le Floch au cours d&rsquo;une prise d&rsquo;armes pr\u00e9sid\u00e9e par le GCA Philippe Morales, major g\u00e9n\u00e9ral de l&rsquo;arm\u00e9e de l&rsquo;air et de l&rsquo;espace . A l&rsquo;issue de cette c\u00e9r\u00e9monie, le GCA (2s) Herv\u00e9 Bertrand, [&hellip;]<\/p>\n","protected":false},"author":1,"featured_media":0,"comment_status":"closed","ping_status":"closed","sticky":false,"template":"","format":"standard","meta":[],"categories":[1],"tags":[],"_links":{"self":[{"href":"https:\/\/antam.ovh\/index.php\/wp-json\/wp\/v2\/posts\/7914"}],"collection":[{"href":"https:\/\/antam.ovh\/index.php\/wp-json\/wp\/v2\/posts"}],"about":[{"href":"https:\/\/antam.ovh\/index.php\/wp-json\/wp\/v2\/types\/post"}],"author":[{"embeddable":true,"href":"https:\/\/antam.ovh\/index.php\/wp-json\/wp\/v2\/users\/1"}],"replies":[{"embeddable":true,"href":"https:\/\/antam.ovh\/index.php\/wp-json\/wp\/v2\/comments?post=7914"}],"version-history":[{"count":7,"href":"https:\/\/antam.ovh\/index.php\/wp-json\/wp\/v2\/posts\/7914\/revisions"}],"predecessor-version":[{"id":7947,"href":"https:\/\/antam.ovh\/index.php\/wp-json\/wp\/v2\/posts\/7914\/revisions\/7947"}],"wp:attachment":[{"href":"https:\/\/antam.ovh\/index.php\/wp-json\/wp\/v2\/media?parent=7914"}],"wp:term":[{"taxonomy":"category","embeddable":true,"href":"https:\/\/antam.ovh\/index.php\/wp-json\/wp\/v2\/categories?post=7914"},{"taxonomy":"post_tag","embeddable":true,"href":"https:\/\/antam.ovh\/index.php\/wp-json\/wp\/v2\/tags?post=7914"}],"curies":[{"name":"wp","href":"https:\/\/api.w.org\/{rel}","templated":true}]}}