{"id":8190,"date":"2023-10-28T17:14:23","date_gmt":"2023-10-28T15:14:23","guid":{"rendered":"http:\/\/antam.ovh\/?p=8190"},"modified":"2023-12-10T22:28:38","modified_gmt":"2023-12-10T21:28:38","slug":"in-memoriam-jacqueline-desprez","status":"publish","type":"post","link":"https:\/\/antam.ovh\/index.php\/2023\/10\/28\/in-memoriam-jacqueline-desprez\/","title":{"rendered":"In memoriam Jacqueline DESPREZ"},"content":{"rendered":"\n<figure class=\"wp-block-image size-large\"><img fetchpriority=\"high\" decoding=\"async\" width=\"1024\" height=\"768\" src=\"http:\/\/antam.ovh\/wp-content\/uploads\/2023\/10\/jacqueline-desprez-1024x768.jpg\" alt=\"\" class=\"wp-image-8191\" srcset=\"https:\/\/antam.ovh\/wp-content\/uploads\/2023\/10\/jacqueline-desprez-1024x768.jpg 1024w, https:\/\/antam.ovh\/wp-content\/uploads\/2023\/10\/jacqueline-desprez-300x225.jpg 300w, https:\/\/antam.ovh\/wp-content\/uploads\/2023\/10\/jacqueline-desprez-768x576.jpg 768w, https:\/\/antam.ovh\/wp-content\/uploads\/2023\/10\/jacqueline-desprez-1536x1152.jpg 1536w, https:\/\/antam.ovh\/wp-content\/uploads\/2023\/10\/jacqueline-desprez.jpg 1600w\" sizes=\"(max-width: 1024px) 100vw, 1024px\" \/><\/figure>\n\n\n\n<p class=\"has-colibri-color-6-color has-text-color has-large-font-size\"><strong>In memoriam Jacqueline DESPREZ<\/strong><\/p>\n\n\n\n<p class=\"has-colibri-color-6-color has-text-color has-medium-font-size\">Jacqueline Desprez est partie le 26 Octobre 2023 pour un nouveau voyage.<\/p>\n\n\n\n<p class=\"has-colibri-color-6-color has-text-color has-medium-font-size\">Convoyeuse de l\u2019air de 1966 \u00e0 1989, elle a vol\u00e9 sur Nord Atlas,&nbsp;Transall,&nbsp;DC6,&nbsp;DC8, Nord 262, Caravelle et&nbsp;occup\u00e9 la fonction de reine m\u00e8re de la division des convoyeuses qu\u2019elle affectionnait tant.&nbsp;Les \u00e9quipages n\u2019\u00e9taient pas de reste puisqu\u2019elle \u00e9tait la marraine de l\u2019escadron de transport Touraine.<\/p>\n\n\n\n<p class=\"has-colibri-color-6-color has-text-color has-medium-font-size\">Son engagement s\u2019est poursuivi au sein de l\u2019ANTAM&nbsp;(elle a fait partie du bureau pendant de longues ann\u00e9es)&nbsp;et de l\u2019amicale des convoyeuses&nbsp;comme tr\u00e9sori\u00e8re pendant plus de 25 ans. L&rsquo;arm\u00e9e de l&rsquo;air et les convoyeuses \u00e9taient sa famille. &nbsp;&nbsp;<\/p>\n\n\n\n<p class=\"has-colibri-color-6-color has-text-color has-medium-font-size\">Elle a su tisser des liens d\u2019amiti\u00e9 tout au long de son chemin de vie,&nbsp;avec un temp\u00e9rament bien tremp\u00e9,&nbsp;une grande g\u00e9n\u00e9rosit\u00e9 de coeur,&nbsp;un dynamisme \u00e0 toute \u00e9preuve et un sourire qu\u2019elle a conserv\u00e9 avec courage jusqu\u2019\u00e0 son dernier souffle.<\/p>\n\n\n\n<p class=\"has-colibri-color-6-color has-text-color has-medium-font-size\">Ses&nbsp;obs\u00e8ques&nbsp;auront lieu le vendredi 3&nbsp;novembre&nbsp;\u00e0 10 h \u00e0 l\u2019\u00e9glise ND de l\u2019Assomption , place de l\u2019\u00e9glise , 91370 Verri\u00e8res le Buisson.<\/p>\n\n\n\n<p class=\"has-colibri-color-6-color has-text-color has-medium-font-size\">Ayons une pri\u00e8re ou une pens\u00e9e pour elle et ses proches.&nbsp;<\/p>\n","protected":false},"excerpt":{"rendered":"<p>In memoriam Jacqueline DESPREZ Jacqueline Desprez est partie le 26 Octobre 2023 pour un nouveau voyage. Convoyeuse de l\u2019air de 1966 \u00e0 1989, elle a vol\u00e9 sur Nord Atlas,&nbsp;Transall,&nbsp;DC6,&nbsp;DC8, Nord 262, Caravelle et&nbsp;occup\u00e9 la fonction de reine m\u00e8re de la division des convoyeuses qu\u2019elle affectionnait tant.&nbsp;Les \u00e9quipages n\u2019\u00e9taient pas de reste puisqu\u2019elle \u00e9tait la marraine [&hellip;]<\/p>\n","protected":false},"author":1,"featured_media":0,"comment_status":"closed","ping_status":"closed","sticky":false,"template":"","format":"standard","meta":[],"categories":[15],"tags":[],"_links":{"self":[{"href":"https:\/\/antam.ovh\/index.php\/wp-json\/wp\/v2\/posts\/8190"}],"collection":[{"href":"https:\/\/antam.ovh\/index.php\/wp-json\/wp\/v2\/posts"}],"about":[{"href":"https:\/\/antam.ovh\/index.php\/wp-json\/wp\/v2\/types\/post"}],"author":[{"embeddable":true,"href":"https:\/\/antam.ovh\/index.php\/wp-json\/wp\/v2\/users\/1"}],"replies":[{"embeddable":true,"href":"https:\/\/antam.ovh\/index.php\/wp-json\/wp\/v2\/comments?post=8190"}],"version-history":[{"count":6,"href":"https:\/\/antam.ovh\/index.php\/wp-json\/wp\/v2\/posts\/8190\/revisions"}],"predecessor-version":[{"id":8628,"href":"https:\/\/antam.ovh\/index.php\/wp-json\/wp\/v2\/posts\/8190\/revisions\/8628"}],"wp:attachment":[{"href":"https:\/\/antam.ovh\/index.php\/wp-json\/wp\/v2\/media?parent=8190"}],"wp:term":[{"taxonomy":"category","embeddable":true,"href":"https:\/\/antam.ovh\/index.php\/wp-json\/wp\/v2\/categories?post=8190"},{"taxonomy":"post_tag","embeddable":true,"href":"https:\/\/antam.ovh\/index.php\/wp-json\/wp\/v2\/tags?post=8190"}],"curies":[{"name":"wp","href":"https:\/\/api.w.org\/{rel}","templated":true}]}}