{"id":8198,"date":"2023-10-28T17:32:15","date_gmt":"2023-10-28T15:32:15","guid":{"rendered":"http:\/\/antam.ovh\/?p=8198"},"modified":"2023-12-10T22:29:25","modified_gmt":"2023-12-10T21:29:25","slug":"in-memoriam-marcel-berthome","status":"publish","type":"post","link":"https:\/\/antam.ovh\/index.php\/2023\/10\/28\/in-memoriam-marcel-berthome\/","title":{"rendered":"In memoriam Marcel BERTHOM\u00c9"},"content":{"rendered":"\n<figure class=\"wp-block-image size-large\"><img fetchpriority=\"high\" decoding=\"async\" width=\"1024\" height=\"575\" src=\"http:\/\/antam.ovh\/wp-content\/uploads\/2023\/10\/marcel-berthome-1024x575.jpg\" alt=\"\" class=\"wp-image-8199\" srcset=\"https:\/\/antam.ovh\/wp-content\/uploads\/2023\/10\/marcel-berthome-1024x575.jpg 1024w, https:\/\/antam.ovh\/wp-content\/uploads\/2023\/10\/marcel-berthome-300x169.jpg 300w, https:\/\/antam.ovh\/wp-content\/uploads\/2023\/10\/marcel-berthome-768x432.jpg 768w, https:\/\/antam.ovh\/wp-content\/uploads\/2023\/10\/marcel-berthome-1536x863.jpg 1536w, https:\/\/antam.ovh\/wp-content\/uploads\/2023\/10\/marcel-berthome.jpg 1584w\" sizes=\"(max-width: 1024px) 100vw, 1024px\" \/><\/figure>\n\n\n\n<p class=\"has-colibri-color-6-color has-text-color has-large-font-size\"><strong>In memoriam Marcel BERTHOM\u00c9<\/strong><\/p>\n\n\n\n<p class=\"has-colibri-color-6-color has-text-color has-medium-font-size\">Ce mardi 24 octobre 2023, une figure embl\u00e9matique du TAM nous a quitt\u00e9s. L&rsquo;ensemble de la communaut\u00e9 du TAM conservera l&rsquo;image de cet homme enjou\u00e9 ainsi que sa communaut\u00e9 de coeur, celle des arp\u00e8tes, qui lui rend hommage et rappelle <a href=\"https:\/\/www.arpete.com\/deces-de-marcel-berthome-p1938\/\">le parcours de l&rsquo;un des siens sur leur site<\/a>.<\/p>\n\n\n\n<p class=\"has-colibri-color-6-color has-text-color has-medium-font-size\">Marcel BERTHOM\u00c9 appartenait \u00e0 ce cercle restreint des \u00ab\u00a0groupes lourds\u00a0\u00bb dont il reste aujourd&rsquo;hui trois membres. <a href=\"https:\/\/www.defense.gouv.fr\/air\/actualites\/in-memoriam-hommage-au-commandant-marcel-berthome#\">Un hommage lui a \u00e9t\u00e9 rendu le 25 octobre par l&rsquo;arm\u00e9e de l&rsquo;air et de l&rsquo;espace sur la base a\u00e9rienne 106<\/a>.<\/p>\n\n\n\n<p class=\"has-colibri-color-6-color has-text-color has-medium-font-size\">La communaut\u00e9 du TAM a une pens\u00e9e \u00e9mue pour l&rsquo;ensemble de ses proches.<\/p>\n\n\n\n<p><\/p>\n","protected":false},"excerpt":{"rendered":"<p>In memoriam Marcel BERTHOM\u00c9 Ce mardi 24 octobre 2023, une figure embl\u00e9matique du TAM nous a quitt\u00e9s. L&rsquo;ensemble de la communaut\u00e9 du TAM conservera l&rsquo;image de cet homme enjou\u00e9 ainsi que sa communaut\u00e9 de coeur, celle des arp\u00e8tes, qui lui rend hommage et rappelle le parcours de l&rsquo;un des siens sur leur site. Marcel BERTHOM\u00c9 [&hellip;]<\/p>\n","protected":false},"author":1,"featured_media":0,"comment_status":"closed","ping_status":"closed","sticky":false,"template":"","format":"standard","meta":[],"categories":[15],"tags":[],"_links":{"self":[{"href":"https:\/\/antam.ovh\/index.php\/wp-json\/wp\/v2\/posts\/8198"}],"collection":[{"href":"https:\/\/antam.ovh\/index.php\/wp-json\/wp\/v2\/posts"}],"about":[{"href":"https:\/\/antam.ovh\/index.php\/wp-json\/wp\/v2\/types\/post"}],"author":[{"embeddable":true,"href":"https:\/\/antam.ovh\/index.php\/wp-json\/wp\/v2\/users\/1"}],"replies":[{"embeddable":true,"href":"https:\/\/antam.ovh\/index.php\/wp-json\/wp\/v2\/comments?post=8198"}],"version-history":[{"count":4,"href":"https:\/\/antam.ovh\/index.php\/wp-json\/wp\/v2\/posts\/8198\/revisions"}],"predecessor-version":[{"id":8629,"href":"https:\/\/antam.ovh\/index.php\/wp-json\/wp\/v2\/posts\/8198\/revisions\/8629"}],"wp:attachment":[{"href":"https:\/\/antam.ovh\/index.php\/wp-json\/wp\/v2\/media?parent=8198"}],"wp:term":[{"taxonomy":"category","embeddable":true,"href":"https:\/\/antam.ovh\/index.php\/wp-json\/wp\/v2\/categories?post=8198"},{"taxonomy":"post_tag","embeddable":true,"href":"https:\/\/antam.ovh\/index.php\/wp-json\/wp\/v2\/tags?post=8198"}],"curies":[{"name":"wp","href":"https:\/\/api.w.org\/{rel}","templated":true}]}}