{"id":8267,"date":"2023-10-31T07:29:30","date_gmt":"2023-10-31T06:29:30","guid":{"rendered":"http:\/\/antam.ovh\/?p=8267"},"modified":"2023-12-10T22:30:40","modified_gmt":"2023-12-10T21:30:40","slug":"in-memoriam-bernard-thevenet","status":"publish","type":"post","link":"https:\/\/antam.ovh\/index.php\/2023\/10\/31\/in-memoriam-bernard-thevenet\/","title":{"rendered":"In memoriam Bernard THEVENET"},"content":{"rendered":"\n<p class=\"has-colibri-color-6-color has-text-color has-large-font-size\"><strong>In memoriam Bernard THEVENET<\/strong><\/p>\n\n\n\n<p class=\"has-colibri-color-6-color has-text-color has-medium-font-size\">Chers Antamiens<\/p>\n\n\n\n<p class=\"has-colibri-color-6-color has-text-color has-medium-font-size\">C&rsquo;est avec beaucoup de tristesse que nous avons appris ce matin le d\u00e9c\u00e8s de notre camarade Bernard Th\u00e9venet \u00e0 l&rsquo;\u00e2ge de 89 ans.<\/p>\n\n\n\n<div class=\"wp-block-columns is-layout-flex wp-container-3\">\n<div class=\"wp-block-column is-layout-flow\" style=\"flex-basis:33.33%\">\n<figure class=\"wp-block-image size-large\"><img fetchpriority=\"high\" decoding=\"async\" width=\"780\" height=\"1024\" src=\"http:\/\/antam.ovh\/wp-content\/uploads\/2023\/10\/20231031-bernard-thevenet-780x1024.png\" alt=\"\" class=\"wp-image-8284\" srcset=\"https:\/\/antam.ovh\/wp-content\/uploads\/2023\/10\/20231031-bernard-thevenet-780x1024.png 780w, https:\/\/antam.ovh\/wp-content\/uploads\/2023\/10\/20231031-bernard-thevenet-228x300.png 228w, https:\/\/antam.ovh\/wp-content\/uploads\/2023\/10\/20231031-bernard-thevenet-768x1009.png 768w, https:\/\/antam.ovh\/wp-content\/uploads\/2023\/10\/20231031-bernard-thevenet.png 1072w\" sizes=\"(max-width: 780px) 100vw, 780px\" \/><\/figure>\n<\/div>\n\n\n\n<div class=\"wp-block-column is-layout-flow\" style=\"flex-basis:66.66%\">\n<p><\/p>\n\n\n\n<p class=\"has-colibri-color-6-color has-text-color has-medium-font-size\">Membre historique et extr\u00eamement actif au bureau de l\u2019ANTAM, pr\u00e9sent tous les jeudi matins \u00e0 Villacoublay pour se mettre au service de notre association, il \u00e9tait venu \u00e0 nous par&nbsp; amiti\u00e9&nbsp; en qualit\u00e9 de r\u00e9serviste d&rsquo;origine EOR, ayant servi \u00e0 Colomb Bechar. Tr\u00e8s impliqu\u00e9 \u00e9galement dans l\u2019association du m\u00e9morial des aviateurs, il a fait sa carri\u00e8re au Commissariat \u00e0 l\u2019\u00e9nergie atomique.<\/p>\n<\/div>\n<\/div>\n\n\n\n<p class=\"has-colibri-color-6-color has-text-color has-medium-font-size\">Grand connaisseur de notre arm\u00e9e de l&rsquo;air, il avait retrac\u00e9 des pans entiers de notre histoire commune. Son ouvrage recensant les bases a\u00e9riennes avec leurs insignes est une v\u00e9ritable r\u00e9f\u00e9rence.<\/p>\n\n\n\n<p class=\"has-colibri-color-6-color has-text-color has-medium-font-size\">Accompagn\u00e9 de son \u00e9pouse Elisabeth, pour laquelle nous avons une pens\u00e9e, il \u00e9tait de tous nos rassemblements annuels. En ces instants douloureux, nous pensons \u00e9galement \u00e0 ses enfants et petits-enfants.<\/p>\n","protected":false},"excerpt":{"rendered":"<p>In memoriam Bernard THEVENET Chers Antamiens C&rsquo;est avec beaucoup de tristesse que nous avons appris ce matin le d\u00e9c\u00e8s de notre camarade Bernard Th\u00e9venet \u00e0 l&rsquo;\u00e2ge de 89 ans. Membre historique et extr\u00eamement actif au bureau de l\u2019ANTAM, pr\u00e9sent tous les jeudi matins \u00e0 Villacoublay pour se mettre au service de notre association, il \u00e9tait [&hellip;]<\/p>\n","protected":false},"author":1,"featured_media":0,"comment_status":"closed","ping_status":"closed","sticky":false,"template":"","format":"standard","meta":[],"categories":[15],"tags":[],"_links":{"self":[{"href":"https:\/\/antam.ovh\/index.php\/wp-json\/wp\/v2\/posts\/8267"}],"collection":[{"href":"https:\/\/antam.ovh\/index.php\/wp-json\/wp\/v2\/posts"}],"about":[{"href":"https:\/\/antam.ovh\/index.php\/wp-json\/wp\/v2\/types\/post"}],"author":[{"embeddable":true,"href":"https:\/\/antam.ovh\/index.php\/wp-json\/wp\/v2\/users\/1"}],"replies":[{"embeddable":true,"href":"https:\/\/antam.ovh\/index.php\/wp-json\/wp\/v2\/comments?post=8267"}],"version-history":[{"count":4,"href":"https:\/\/antam.ovh\/index.php\/wp-json\/wp\/v2\/posts\/8267\/revisions"}],"predecessor-version":[{"id":8630,"href":"https:\/\/antam.ovh\/index.php\/wp-json\/wp\/v2\/posts\/8267\/revisions\/8630"}],"wp:attachment":[{"href":"https:\/\/antam.ovh\/index.php\/wp-json\/wp\/v2\/media?parent=8267"}],"wp:term":[{"taxonomy":"category","embeddable":true,"href":"https:\/\/antam.ovh\/index.php\/wp-json\/wp\/v2\/categories?post=8267"},{"taxonomy":"post_tag","embeddable":true,"href":"https:\/\/antam.ovh\/index.php\/wp-json\/wp\/v2\/tags?post=8267"}],"curies":[{"name":"wp","href":"https:\/\/api.w.org\/{rel}","templated":true}]}}