{"id":9221,"date":"2024-01-28T15:20:36","date_gmt":"2024-01-28T14:20:36","guid":{"rendered":"http:\/\/antam.ovh\/?p=9221"},"modified":"2024-01-28T15:22:55","modified_gmt":"2024-01-28T14:22:55","slug":"la-saga-du-transport-aerien-militaire-tome-1","status":"publish","type":"post","link":"https:\/\/antam.ovh\/index.php\/2024\/01\/28\/la-saga-du-transport-aerien-militaire-tome-1\/","title":{"rendered":"La saga du transport a\u00e9rien militaire &#8211; tome 1"},"content":{"rendered":"\t\t<div data-elementor-type=\"wp-post\" data-elementor-id=\"9221\" class=\"elementor elementor-9221\">\n\t\t\t\t\t\t<section class=\"elementor-section elementor-top-section elementor-element elementor-element-e4f39bd elementor-section-boxed elementor-section-height-default elementor-section-height-default\" data-id=\"e4f39bd\" data-element_type=\"section\">\n\t\t\t\t\t\t<div class=\"elementor-container elementor-column-gap-default\">\n\t\t\t\t\t<div class=\"elementor-column elementor-col-100 elementor-top-column elementor-element elementor-element-9aae6ff\" data-id=\"9aae6ff\" data-element_type=\"column\">\n\t\t\t<div class=\"elementor-widget-wrap elementor-element-populated\">\n\t\t\t\t\t\t<div class=\"elementor-element elementor-element-569eefe elementor-widget elementor-widget-heading\" data-id=\"569eefe\" data-element_type=\"widget\" data-widget_type=\"heading.default\">\n\t\t\t\t<div class=\"elementor-widget-container\">\n\t\t\t<h2 class=\"elementor-heading-title elementor-size-default\">La saga du transport a\u00e9rien militaire - tome 1<\/h2>\t\t<\/div>\n\t\t\t\t<\/div>\n\t\t\t\t\t<\/div>\n\t\t<\/div>\n\t\t\t\t\t<\/div>\n\t\t<\/section>\n\t\t\t\t<section class=\"elementor-section elementor-top-section elementor-element elementor-element-a2db51e elementor-section-boxed elementor-section-height-default elementor-section-height-default\" data-id=\"a2db51e\" data-element_type=\"section\">\n\t\t\t\t\t\t<div class=\"elementor-container elementor-column-gap-default\">\n\t\t\t\t\t<div class=\"elementor-column elementor-col-100 elementor-top-column elementor-element elementor-element-0f22018\" data-id=\"0f22018\" data-element_type=\"column\">\n\t\t\t<div class=\"elementor-widget-wrap elementor-element-populated\">\n\t\t\t\t\t\t<div class=\"elementor-element elementor-element-e8e3ce9 elementor-widget elementor-widget-text-editor\" data-id=\"e8e3ce9\" data-element_type=\"widget\" data-widget_type=\"text-editor.default\">\n\t\t\t\t<div class=\"elementor-widget-container\">\n\t\t\t\t\t\t\t<p><strong style=\"font-family: 'Open Sans'; text-align: left;\">G<\/strong><strong style=\"font-family: 'Open Sans'; text-align: left;\">\u00e9n\u00e9ral de corps a\u00e9rien Alain B\u00e9villard<\/strong><\/p>\t\t\t\t\t\t<\/div>\n\t\t\t\t<\/div>\n\t\t\t\t\t<\/div>\n\t\t<\/div>\n\t\t\t\t\t<\/div>\n\t\t<\/section>\n\t\t\t\t<section class=\"elementor-section elementor-top-section elementor-element elementor-element-0dffefb elementor-section-boxed elementor-section-height-default elementor-section-height-default\" data-id=\"0dffefb\" data-element_type=\"section\">\n\t\t\t\t\t\t<div class=\"elementor-container elementor-column-gap-default\">\n\t\t\t\t\t<div class=\"elementor-column elementor-col-100 elementor-top-column elementor-element elementor-element-2c8db36\" data-id=\"2c8db36\" data-element_type=\"column\">\n\t\t\t<div class=\"elementor-widget-wrap elementor-element-populated\">\n\t\t\t\t\t\t<div class=\"elementor-element elementor-element-eb1eddc elementor-widget elementor-widget-text-editor\" data-id=\"eb1eddc\" data-element_type=\"widget\" data-widget_type=\"text-editor.default\">\n\t\t\t\t<div class=\"elementor-widget-container\">\n\t\t\t\t\t\t\t<p><span style=\"font-family: 'Open Sans'; text-align: left;\">Un hommage au T.A.M, cheville ouvri\u00e8re du dispositif militaire fran\u00e7ais.\u00a0<\/span><br style=\"font-family: 'Open Sans'; text-align: left;\" \/><span style=\"font-family: 'Open Sans'; text-align: left;\">Le soleil ne se couche jamais sur les ailes du transport a\u00e9rien militaire (TAM) fran\u00e7ais\u00a0!\u00a0<\/span><br style=\"font-family: 'Open Sans'; text-align: left;\" \/><span style=\"font-family: 'Open Sans'; text-align: left;\">Tous les personnels sont sur le pont vingt quatre heures sur vingt-quatre, 365 jours par an, pour permettre \u00e0 la France, membre permanent du Conseil de s\u00e9curit\u00e9 des Nations Unies, d\u2019exercer ses droits, mais surtout ses devoirs, sur tous les th\u00e9\u00e2tres d\u2019op\u00e9rations, des plus proches (Balkans, Kosovo) aux plus \u00e9loign\u00e9s (Timor oriental, Cambodge), et en particulier sur le continent africain. M\u00e9canos, sp\u00e9cialistes des escales, pilotes d\u2019a\u00e9ronefs \u2013 tactiques, logistiques, gros et petits, cargos et \u00ab\u00a0VIP\u00a0\u00bb, \u00e0 ailes fixes ou \u00e0 voilures tournantes \u2013 avec leurs \u00e9quipages, dans une cha\u00eene de d\u00e9vouement et de solidarit\u00e9, constituent la cheville ouvri\u00e8re du dispositif militaire fran\u00e7ais.\u00a0<\/span><br style=\"font-family: 'Open Sans'; text-align: left;\" \/><span style=\"font-family: 'Open Sans'; text-align: left;\">C\u2019est un hommage \u00e0 ces transporteurs que rend ici le g\u00e9n\u00e9ral de corps a\u00e9rien Alain B\u00e9villard. Dans ce premier volume, il retrace le r\u00f4le du TAM dans les op\u00e9rations militaires nationales ou en coalition, de Kolwezi \u00e0\u00a0Nazar-e-Sharif, et de Port-au-Prince \u00e0 Dumont d\u2019Urville, balayant ainsi tous les continents.\u00a0<\/span><br style=\"font-family: 'Open Sans'; text-align: left;\" \/><span style=\"font-family: 'Open Sans'; text-align: left;\">Avec de nombreux t\u00e9moignages, pr\u00e8s de photos magnifiques et pour la plupart in\u00e9dites et un index de plus de noms de personnels concern\u00e9s, il permet au lecteur de d\u00e9couvrir la Saga du transport a\u00e9rien militaire fran\u00e7ais.<\/span><\/p>\t\t\t\t\t\t<\/div>\n\t\t\t\t<\/div>\n\t\t\t\t\t<\/div>\n\t\t<\/div>\n\t\t\t\t\t<\/div>\n\t\t<\/section>\n\t\t\t\t<\/div>\n\t\t","protected":false},"excerpt":{"rendered":"<p>La saga du transport a\u00e9rien militaire &#8211; tome 1 G\u00e9n\u00e9ral de corps a\u00e9rien Alain B\u00e9villard Un hommage au T.A.M, cheville ouvri\u00e8re du dispositif militaire fran\u00e7ais.&nbsp;Le soleil ne se couche jamais sur les ailes du transport a\u00e9rien militaire (TAM) fran\u00e7ais&nbsp;!&nbsp;Tous les personnels sont sur le pont vingt quatre heures sur vingt-quatre, 365 jours par an, pour [&hellip;]<\/p>\n","protected":false},"author":676,"featured_media":0,"comment_status":"closed","ping_status":"closed","sticky":false,"template":"","format":"standard","meta":[],"categories":[16],"tags":[],"_links":{"self":[{"href":"https:\/\/antam.ovh\/index.php\/wp-json\/wp\/v2\/posts\/9221"}],"collection":[{"href":"https:\/\/antam.ovh\/index.php\/wp-json\/wp\/v2\/posts"}],"about":[{"href":"https:\/\/antam.ovh\/index.php\/wp-json\/wp\/v2\/types\/post"}],"author":[{"embeddable":true,"href":"https:\/\/antam.ovh\/index.php\/wp-json\/wp\/v2\/users\/676"}],"replies":[{"embeddable":true,"href":"https:\/\/antam.ovh\/index.php\/wp-json\/wp\/v2\/comments?post=9221"}],"version-history":[{"count":8,"href":"https:\/\/antam.ovh\/index.php\/wp-json\/wp\/v2\/posts\/9221\/revisions"}],"predecessor-version":[{"id":9229,"href":"https:\/\/antam.ovh\/index.php\/wp-json\/wp\/v2\/posts\/9221\/revisions\/9229"}],"wp:attachment":[{"href":"https:\/\/antam.ovh\/index.php\/wp-json\/wp\/v2\/media?parent=9221"}],"wp:term":[{"taxonomy":"category","embeddable":true,"href":"https:\/\/antam.ovh\/index.php\/wp-json\/wp\/v2\/categories?post=9221"},{"taxonomy":"post_tag","embeddable":true,"href":"https:\/\/antam.ovh\/index.php\/wp-json\/wp\/v2\/tags?post=9221"}],"curies":[{"name":"wp","href":"https:\/\/api.w.org\/{rel}","templated":true}]}}