{"id":9233,"date":"2024-01-28T15:27:29","date_gmt":"2024-01-28T14:27:29","guid":{"rendered":"http:\/\/antam.ovh\/?p=9233"},"modified":"2024-01-28T15:30:28","modified_gmt":"2024-01-28T14:30:28","slug":"escadron-de-transport-franche-comte","status":"publish","type":"post","link":"https:\/\/antam.ovh\/index.php\/2024\/01\/28\/escadron-de-transport-franche-comte\/","title":{"rendered":"Escadron de transport Franche Comt\u00e9"},"content":{"rendered":"\t\t<div data-elementor-type=\"wp-post\" data-elementor-id=\"9233\" class=\"elementor elementor-9233\">\n\t\t\t\t\t\t<section class=\"elementor-section elementor-top-section elementor-element elementor-element-b7c53ab elementor-section-boxed elementor-section-height-default elementor-section-height-default\" data-id=\"b7c53ab\" data-element_type=\"section\">\n\t\t\t\t\t\t<div class=\"elementor-container elementor-column-gap-default\">\n\t\t\t\t\t<div class=\"elementor-column elementor-col-100 elementor-top-column elementor-element elementor-element-7bc9d7b\" data-id=\"7bc9d7b\" data-element_type=\"column\">\n\t\t\t<div class=\"elementor-widget-wrap elementor-element-populated\">\n\t\t\t\t\t\t<div class=\"elementor-element elementor-element-25e69be elementor-widget elementor-widget-heading\" data-id=\"25e69be\" data-element_type=\"widget\" data-widget_type=\"heading.default\">\n\t\t\t\t<div class=\"elementor-widget-container\">\n\t\t\t<h2 class=\"elementor-heading-title elementor-size-default\">Escadron de transport <br>Franche comt\u00e9<\/h2>\t\t<\/div>\n\t\t\t\t<\/div>\n\t\t\t\t\t<\/div>\n\t\t<\/div>\n\t\t\t\t\t<\/div>\n\t\t<\/section>\n\t\t\t\t<section class=\"elementor-section elementor-top-section elementor-element elementor-element-9a12e95 elementor-section-boxed elementor-section-height-default elementor-section-height-default\" data-id=\"9a12e95\" data-element_type=\"section\">\n\t\t\t\t\t\t<div class=\"elementor-container elementor-column-gap-default\">\n\t\t\t\t\t<div class=\"elementor-column elementor-col-100 elementor-top-column elementor-element elementor-element-6adc57f\" data-id=\"6adc57f\" data-element_type=\"column\">\n\t\t\t<div class=\"elementor-widget-wrap elementor-element-populated\">\n\t\t\t\t\t\t<div class=\"elementor-element elementor-element-cb119e4 elementor-widget elementor-widget-text-editor\" data-id=\"cb119e4\" data-element_type=\"widget\" data-widget_type=\"text-editor.default\">\n\t\t\t\t<div class=\"elementor-widget-container\">\n\t\t\t\t\t\t\t<p><strong style=\"font-family: 'Open Sans'; text-align: left;\">Jean-Michel Biscarat<\/strong><\/p>\t\t\t\t\t\t<\/div>\n\t\t\t\t<\/div>\n\t\t\t\t\t<\/div>\n\t\t<\/div>\n\t\t\t\t\t<\/div>\n\t\t<\/section>\n\t\t\t\t<section class=\"elementor-section elementor-top-section elementor-element elementor-element-c56d447 elementor-section-boxed elementor-section-height-default elementor-section-height-default\" data-id=\"c56d447\" data-element_type=\"section\">\n\t\t\t\t\t\t<div class=\"elementor-container elementor-column-gap-default\">\n\t\t\t\t\t<div class=\"elementor-column elementor-col-100 elementor-top-column elementor-element elementor-element-16a56fe\" data-id=\"16a56fe\" data-element_type=\"column\">\n\t\t\t<div class=\"elementor-widget-wrap elementor-element-populated\">\n\t\t\t\t\t\t<div class=\"elementor-element elementor-element-6b5831d elementor-widget elementor-widget-text-editor\" data-id=\"6b5831d\" data-element_type=\"widget\" data-widget_type=\"text-editor.default\">\n\t\t\t\t<div class=\"elementor-widget-container\">\n\t\t\t\t\t\t\t<p><span style=\"font-family: 'Open Sans'; text-align: left;\">Dans un superbe livre de 330 pages, Jean-Michel Biscarat, nous fait revivre dans un style limpide et de mani\u00e8re tr\u00e8s vivante, l\u2019\u00e9pop\u00e9e de l\u2019escadron de transport \u00ab\u00a0Franche-Comt\u00e9\u00a0\u00bb ou, plus exactement de toutes les unit\u00e9s, depuis la Premi\u00e8re Guerre mondiale, qui ont fond\u00e9 les traditions de cette unit\u00e9\u00a0: HF 19 \u00ab\u00a0Bougnats\u00a0\u00bb, BR 104 \u00ab\u00a0Turcos\u00a0\u00bb, GR II\/51, GR II\/52, GBM 2\/52 qui se voit attribuer le nom de \u00ab\u00a0Franche-Comt\u00e9\u00a0\u00bb, GT 2\/52, GT 2\/62, ET 4\/61 et enfin ET 2\/61. Comme l\u2019\u00e9crit l\u2019auteur dans son introduction, \u00a0\u00bb la Bataille de France, la Lib\u00e9ration et l\u2019Indochine constituent les p\u00e9riodes phares de cet h\u00e9ritage\u00a0\u00bb et donc fournissent les plus longues pages de ce r\u00e9cit. Les p\u00e9riodes plus contemporaines n\u2019en sont toutefois pas absentes et on appr\u00e9ciera plus sp\u00e9cialement la place accord\u00e9e au C 130 \u00ab\u00a0Hercules\u00a0\u00bb puisque le Franche-Comt\u00e9 en a \u00e9t\u00e9 longtemps le seul d\u00e9tenteur. Abondamment illustr\u00e9 de photos, pour beaucoup in\u00e9dites, accompagn\u00e9 de r\u00e9cits de nombreux t\u00e9moins, cet ouvrage, fruit de neuf ann\u00e9es de travail, est compl\u00e9t\u00e9 de plus de cinquante pages d\u2019annexes (appellations, terrains de stationnement, commandants d\u2019unit\u00e9s, missions de guerre, avions utilis\u00e9s, profils couleur, insignes).\u00a0<\/span><br style=\"font-family: 'Open Sans'; text-align: left;\" \/><span style=\"font-family: 'Open Sans'; text-align: left;\">En un mot, un travail \u00e9tonnant d\u2019un passionn\u00e9 de l\u2019histoire de son unit\u00e9, car, j\u2019ai oubli\u00e9 de le dire, Jean-Marie Biscarat a entrepris son travail alors qu\u2019il \u00e9tait en activit\u00e9, en tant que m\u00e9canicien navigant, au Franche-Comt\u00e9. Bravo la \u00ab\u00a0M\u00e9canique\u00a0\u00bb, on lui connaissait d\u00e9j\u00e0 beaucoup de talents, en voici un nouveau qui se r\u00e9v\u00e8le\u00a0!<\/span><\/p><p><br style=\"font-family: 'Open Sans'; text-align: left;\" \/><i style=\"font-family: 'Open Sans'; text-align: left;\">Avia Editions\u00a0<\/i><\/p><p><i style=\"font-family: 'Open Sans'; text-align: left;\">redaction@avia-editions.com<\/i><\/p><p><i style=\"font-family: 'Open Sans'; text-align: left;\">T\u00e9l\u00e9phone\u00a0: 04 75 49 51 99)<\/i><\/p><p><i style=\"font-family: 'Open Sans'; text-align: left;\">au prix de 58 \u20ac. 330 pages<\/i><span style=\"font-family: 'Open Sans'; text-align: left;\">\u00a0<\/span><\/p>\t\t\t\t\t\t<\/div>\n\t\t\t\t<\/div>\n\t\t\t\t\t<\/div>\n\t\t<\/div>\n\t\t\t\t\t<\/div>\n\t\t<\/section>\n\t\t\t\t<\/div>\n\t\t","protected":false},"excerpt":{"rendered":"<p>Escadron de transport Franche comt\u00e9 Jean-Michel Biscarat Dans un superbe livre de 330 pages, Jean-Michel Biscarat, nous fait revivre dans un style limpide et de mani\u00e8re tr\u00e8s vivante, l\u2019\u00e9pop\u00e9e de l\u2019escadron de transport \u00ab&nbsp;Franche-Comt\u00e9&nbsp;\u00bb ou, plus exactement de toutes les unit\u00e9s, depuis la Premi\u00e8re Guerre mondiale, qui ont fond\u00e9 les traditions de cette unit\u00e9&nbsp;: HF [&hellip;]<\/p>\n","protected":false},"author":676,"featured_media":0,"comment_status":"closed","ping_status":"closed","sticky":false,"template":"","format":"standard","meta":[],"categories":[16],"tags":[],"_links":{"self":[{"href":"https:\/\/antam.ovh\/index.php\/wp-json\/wp\/v2\/posts\/9233"}],"collection":[{"href":"https:\/\/antam.ovh\/index.php\/wp-json\/wp\/v2\/posts"}],"about":[{"href":"https:\/\/antam.ovh\/index.php\/wp-json\/wp\/v2\/types\/post"}],"author":[{"embeddable":true,"href":"https:\/\/antam.ovh\/index.php\/wp-json\/wp\/v2\/users\/676"}],"replies":[{"embeddable":true,"href":"https:\/\/antam.ovh\/index.php\/wp-json\/wp\/v2\/comments?post=9233"}],"version-history":[{"count":5,"href":"https:\/\/antam.ovh\/index.php\/wp-json\/wp\/v2\/posts\/9233\/revisions"}],"predecessor-version":[{"id":9238,"href":"https:\/\/antam.ovh\/index.php\/wp-json\/wp\/v2\/posts\/9233\/revisions\/9238"}],"wp:attachment":[{"href":"https:\/\/antam.ovh\/index.php\/wp-json\/wp\/v2\/media?parent=9233"}],"wp:term":[{"taxonomy":"category","embeddable":true,"href":"https:\/\/antam.ovh\/index.php\/wp-json\/wp\/v2\/categories?post=9233"},{"taxonomy":"post_tag","embeddable":true,"href":"https:\/\/antam.ovh\/index.php\/wp-json\/wp\/v2\/tags?post=9233"}],"curies":[{"name":"wp","href":"https:\/\/api.w.org\/{rel}","templated":true}]}}