{"id":9253,"date":"2024-01-28T15:41:01","date_gmt":"2024-01-28T14:41:01","guid":{"rendered":"http:\/\/antam.ovh\/?p=9253"},"modified":"2024-01-28T15:44:03","modified_gmt":"2024-01-28T14:44:03","slug":"memoire-en-image","status":"publish","type":"post","link":"https:\/\/antam.ovh\/index.php\/2024\/01\/28\/memoire-en-image\/","title":{"rendered":"M\u00e9moire en image"},"content":{"rendered":"\t\t<div data-elementor-type=\"wp-post\" data-elementor-id=\"9253\" class=\"elementor elementor-9253\">\n\t\t\t\t\t\t<section class=\"elementor-section elementor-top-section elementor-element elementor-element-92d8a95 elementor-section-boxed elementor-section-height-default elementor-section-height-default\" data-id=\"92d8a95\" data-element_type=\"section\">\n\t\t\t\t\t\t<div class=\"elementor-container elementor-column-gap-default\">\n\t\t\t\t\t<div class=\"elementor-column elementor-col-100 elementor-top-column elementor-element elementor-element-ae890a9\" data-id=\"ae890a9\" data-element_type=\"column\">\n\t\t\t<div class=\"elementor-widget-wrap elementor-element-populated\">\n\t\t\t\t\t\t<div class=\"elementor-element elementor-element-af50716 elementor-widget elementor-widget-heading\" data-id=\"af50716\" data-element_type=\"widget\" data-widget_type=\"heading.default\">\n\t\t\t\t<div class=\"elementor-widget-container\">\n\t\t\t<h2 class=\"elementor-heading-title elementor-size-default\">M\u00e9moire en images, tome 4<br>Ch\u00e2lons et la vall\u00e9e de la Marne<\/h2>\t\t<\/div>\n\t\t\t\t<\/div>\n\t\t\t\t\t<\/div>\n\t\t<\/div>\n\t\t\t\t\t<\/div>\n\t\t<\/section>\n\t\t\t\t<section class=\"elementor-section elementor-top-section elementor-element elementor-element-1d3e9dd elementor-section-boxed elementor-section-height-default elementor-section-height-default\" data-id=\"1d3e9dd\" data-element_type=\"section\">\n\t\t\t\t\t\t<div class=\"elementor-container elementor-column-gap-default\">\n\t\t\t\t\t<div class=\"elementor-column elementor-col-100 elementor-top-column elementor-element elementor-element-e53d5b3\" data-id=\"e53d5b3\" data-element_type=\"column\">\n\t\t\t<div class=\"elementor-widget-wrap elementor-element-populated\">\n\t\t\t\t\t\t<div class=\"elementor-element elementor-element-3d6b252 elementor-widget elementor-widget-text-editor\" data-id=\"3d6b252\" data-element_type=\"widget\" data-widget_type=\"text-editor.default\">\n\t\t\t\t<div class=\"elementor-widget-container\">\n\t\t\t\t\t\t\t<p><strong style=\"font-family: 'Open Sans'; text-align: left;\">Raymond Nomin\u00e9 (Adh\u00e9rent ANTAM)<\/strong><\/p>\t\t\t\t\t\t<\/div>\n\t\t\t\t<\/div>\n\t\t\t\t\t<\/div>\n\t\t<\/div>\n\t\t\t\t\t<\/div>\n\t\t<\/section>\n\t\t\t\t<section class=\"elementor-section elementor-top-section elementor-element elementor-element-a0286cc elementor-section-boxed elementor-section-height-default elementor-section-height-default\" data-id=\"a0286cc\" data-element_type=\"section\">\n\t\t\t\t\t\t<div class=\"elementor-container elementor-column-gap-default\">\n\t\t\t\t\t<div class=\"elementor-column elementor-col-100 elementor-top-column elementor-element elementor-element-f8fab63\" data-id=\"f8fab63\" data-element_type=\"column\">\n\t\t\t<div class=\"elementor-widget-wrap elementor-element-populated\">\n\t\t\t\t\t\t<div class=\"elementor-element elementor-element-fe89046 elementor-widget elementor-widget-text-editor\" data-id=\"fe89046\" data-element_type=\"widget\" data-widget_type=\"text-editor.default\">\n\t\t\t\t<div class=\"elementor-widget-container\">\n\t\t\t\t\t\t\t<p><span style=\"font-family: 'Open Sans'; text-align: left;\">Si cet ouvrage n\u2019a aucun rapport avec le Transport ou m\u00eame l\u2019Arm\u00e9e de l\u2019Air en g\u00e9n\u00e9ral, il n\u2019en pr\u00e9sente pas moins un int\u00e9r\u00eat historique et ouristique certain. L\u2019auteur, en prenant comme fil rouge la Vall\u00e9e de la Marne \u2013 terre de ses parents et de ses grands-parents \u2013 fait revivre pour nous ce pays o\u00f9 il a pass\u00e9 son enfance, en nous pr\u00e9sentant sur 150 pages les reproductions de nombreuses cartes postales anciennes et quelques photos \u00a0dont les l\u00e9gendes sont de v\u00e9ritables condens\u00e9s d\u2019histoire et de g\u00e9ographie.<\/span><br style=\"font-family: 'Open Sans'; text-align: left;\" \/><span style=\"font-family: 'Open Sans'; text-align: left;\">Pierre Mayet.<\/span><\/p><p><br style=\"font-family: 'Open Sans'; text-align: left;\" \/><em style=\"font-family: 'Open Sans'; text-align: left;\">Aux Editions Alan SUTTON<\/em><\/p><p><em style=\"font-family: 'Open Sans'; text-align: left;\">8 Rue Docteur Ramon \u2013 BP 90600 -37542 \u00a0SAINT-CYR SUR LOIRE Cedex<\/em><\/p><p><em style=\"font-family: 'Open Sans'; text-align: left;\">T\u00e9l. 02 47 40 66 01<\/em><\/p><p><em style=\"font-family: 'Open Sans'; text-align: left;\">www.editions-sutton.com<\/em><br style=\"font-family: 'Open Sans'; text-align: left;\" \/><em style=\"font-family: 'Open Sans'; text-align: left;\">Du m\u00eame auteur chez le m\u00eame \u00e9diteur\u00a0:<\/em><br style=\"font-family: 'Open Sans'; text-align: left;\" \/><em style=\"font-family: 'Open Sans'; text-align: left;\">\u00ab\u00a0Ch\u00e2lons en Champagne et ses environs\u00a0\u00bb (Tome I)<\/em><br style=\"font-family: 'Open Sans'; text-align: left;\" \/><em style=\"font-family: 'Open Sans'; text-align: left;\">\u00ab\u00a0Ch\u00e2lons en Champagne et son Arrondissement\u00a0\u00bb (Tome II)<\/em><br style=\"font-family: 'Open Sans'; text-align: left;\" \/><em style=\"font-family: 'Open Sans'; text-align: left;\">\u00ab\u00a0Ch\u00e2lons en Champagne et ses rues anim\u00e9es (Tome III)\u00a0<\/em><\/p>\t\t\t\t\t\t<\/div>\n\t\t\t\t<\/div>\n\t\t\t\t\t<\/div>\n\t\t<\/div>\n\t\t\t\t\t<\/div>\n\t\t<\/section>\n\t\t\t\t<\/div>\n\t\t","protected":false},"excerpt":{"rendered":"<p>M\u00e9moire en images, tome 4Ch\u00e2lons et la vall\u00e9e de la Marne Raymond Nomin\u00e9 (Adh\u00e9rent ANTAM) Si cet ouvrage n\u2019a aucun rapport avec le Transport ou m\u00eame l\u2019Arm\u00e9e de l\u2019Air en g\u00e9n\u00e9ral, il n\u2019en pr\u00e9sente pas moins un int\u00e9r\u00eat historique et ouristique certain. L\u2019auteur, en prenant comme fil rouge la Vall\u00e9e de la Marne \u2013 terre [&hellip;]<\/p>\n","protected":false},"author":676,"featured_media":0,"comment_status":"closed","ping_status":"closed","sticky":false,"template":"","format":"standard","meta":[],"categories":[16],"tags":[],"_links":{"self":[{"href":"https:\/\/antam.ovh\/index.php\/wp-json\/wp\/v2\/posts\/9253"}],"collection":[{"href":"https:\/\/antam.ovh\/index.php\/wp-json\/wp\/v2\/posts"}],"about":[{"href":"https:\/\/antam.ovh\/index.php\/wp-json\/wp\/v2\/types\/post"}],"author":[{"embeddable":true,"href":"https:\/\/antam.ovh\/index.php\/wp-json\/wp\/v2\/users\/676"}],"replies":[{"embeddable":true,"href":"https:\/\/antam.ovh\/index.php\/wp-json\/wp\/v2\/comments?post=9253"}],"version-history":[{"count":4,"href":"https:\/\/antam.ovh\/index.php\/wp-json\/wp\/v2\/posts\/9253\/revisions"}],"predecessor-version":[{"id":9257,"href":"https:\/\/antam.ovh\/index.php\/wp-json\/wp\/v2\/posts\/9253\/revisions\/9257"}],"wp:attachment":[{"href":"https:\/\/antam.ovh\/index.php\/wp-json\/wp\/v2\/media?parent=9253"}],"wp:term":[{"taxonomy":"category","embeddable":true,"href":"https:\/\/antam.ovh\/index.php\/wp-json\/wp\/v2\/categories?post=9253"},{"taxonomy":"post_tag","embeddable":true,"href":"https:\/\/antam.ovh\/index.php\/wp-json\/wp\/v2\/tags?post=9253"}],"curies":[{"name":"wp","href":"https:\/\/api.w.org\/{rel}","templated":true}]}}