{"id":9268,"date":"2024-01-28T16:02:04","date_gmt":"2024-01-28T15:02:04","guid":{"rendered":"http:\/\/antam.ovh\/?p=9268"},"modified":"2024-01-28T16:05:35","modified_gmt":"2024-01-28T15:05:35","slug":"le-ciel-et-mes-ailes","status":"publish","type":"post","link":"https:\/\/antam.ovh\/index.php\/2024\/01\/28\/le-ciel-et-mes-ailes\/","title":{"rendered":"Le ciel et mes ailes"},"content":{"rendered":"\t\t<div data-elementor-type=\"wp-post\" data-elementor-id=\"9268\" class=\"elementor elementor-9268\">\n\t\t\t\t\t\t<section class=\"elementor-section elementor-top-section elementor-element elementor-element-64cbb06 elementor-section-boxed elementor-section-height-default elementor-section-height-default\" data-id=\"64cbb06\" data-element_type=\"section\">\n\t\t\t\t\t\t<div class=\"elementor-container elementor-column-gap-default\">\n\t\t\t\t\t<div class=\"elementor-column elementor-col-100 elementor-top-column elementor-element elementor-element-a3a7ac6\" data-id=\"a3a7ac6\" data-element_type=\"column\">\n\t\t\t<div class=\"elementor-widget-wrap elementor-element-populated\">\n\t\t\t\t\t\t<div class=\"elementor-element elementor-element-66d3db7 elementor-widget elementor-widget-heading\" data-id=\"66d3db7\" data-element_type=\"widget\" data-widget_type=\"heading.default\">\n\t\t\t\t<div class=\"elementor-widget-container\">\n\t\t\t<h2 class=\"elementor-heading-title elementor-size-default\">Le ciel et mes ailes<\/h2>\t\t<\/div>\n\t\t\t\t<\/div>\n\t\t\t\t\t<\/div>\n\t\t<\/div>\n\t\t\t\t\t<\/div>\n\t\t<\/section>\n\t\t\t\t<section class=\"elementor-section elementor-top-section elementor-element elementor-element-1622a72 elementor-section-boxed elementor-section-height-default elementor-section-height-default\" data-id=\"1622a72\" data-element_type=\"section\">\n\t\t\t\t\t\t<div class=\"elementor-container elementor-column-gap-default\">\n\t\t\t\t\t<div class=\"elementor-column elementor-col-100 elementor-top-column elementor-element elementor-element-bc0e04d\" data-id=\"bc0e04d\" data-element_type=\"column\">\n\t\t\t<div class=\"elementor-widget-wrap elementor-element-populated\">\n\t\t\t\t\t\t<div class=\"elementor-element elementor-element-5fc8b00 elementor-widget elementor-widget-text-editor\" data-id=\"5fc8b00\" data-element_type=\"widget\" data-widget_type=\"text-editor.default\">\n\t\t\t\t<div class=\"elementor-widget-container\">\n\t\t\t\t\t\t\t<p><strong style=\"font-family: 'Open Sans'; text-align: left;\">Raymond BOYER\u00a0 (Adh\u00e9rent ANTAM)<\/strong><\/p>\t\t\t\t\t\t<\/div>\n\t\t\t\t<\/div>\n\t\t\t\t\t<\/div>\n\t\t<\/div>\n\t\t\t\t\t<\/div>\n\t\t<\/section>\n\t\t\t\t<section class=\"elementor-section elementor-top-section elementor-element elementor-element-edc0b4c elementor-section-boxed elementor-section-height-default elementor-section-height-default\" data-id=\"edc0b4c\" data-element_type=\"section\">\n\t\t\t\t\t\t<div class=\"elementor-container elementor-column-gap-default\">\n\t\t\t\t\t<div class=\"elementor-column elementor-col-100 elementor-top-column elementor-element elementor-element-93458b4\" data-id=\"93458b4\" data-element_type=\"column\">\n\t\t\t<div class=\"elementor-widget-wrap elementor-element-populated\">\n\t\t\t\t\t\t<div class=\"elementor-element elementor-element-8be77d8 elementor-widget elementor-widget-text-editor\" data-id=\"8be77d8\" data-element_type=\"widget\" data-widget_type=\"text-editor.default\">\n\t\t\t\t<div class=\"elementor-widget-container\">\n\t\t\t\t\t\t\t<p><span style=\"font-family: 'Open Sans'; text-align: left;\">C\u2019est un v\u00e9ritable Journal de Marche que nous offre ici l\u2019auteur. Le r\u00e9sultat d\u2019un travail consid\u00e9rable achev\u00e9 en 2006.<\/span><br style=\"font-family: 'Open Sans'; text-align: left;\" \/><span style=\"font-family: 'Open Sans'; text-align: left;\">Illustr\u00e9 de photos d\u2019\u00e9poque, parsem\u00e9 \u00e7a et l\u00e0 d\u2019anecdotes professionnelles ou familiales, de rappels historiques, de concentr\u00e9s de g\u00e9ographie, cet ouvrage nous entra\u00eene depuis l\u2019interruption de ses \u00e9tudes, en 1939, jusque bien au del\u00e0 de sa retraite, sur les terrains de France et de Navarre, mais aussi en Allemagne, en Afrique du Nord, en Afrique Noire, en Indochine et en d\u2019autres lieux lointains, au fil d\u2019affectations pour le moins vari\u00e9es.<\/span><br style=\"font-family: 'Open Sans'; text-align: left;\" \/><span style=\"font-family: 'Open Sans'; text-align: left;\">Ancien m\u00e9canicien \u00ab\u00a0rampant\u00a0\u00bb, puis navigant, \u00a0il nous parle avec passion de \u00ab\u00a0ses\u00a0\u00bb avions, qu\u2019ils soient chasseurs, transporteurs ou d\u2019attaque au sol.<\/span><br style=\"font-family: 'Open Sans'; text-align: left;\" \/><span style=\"font-family: 'Open Sans'; text-align: left;\">Sa carri\u00e8re, le prototype de celle d\u2019un ancien, jonch\u00e9e d\u2019obstacles surmont\u00e9s, expos\u00e9e aux risques courus en op\u00e9ration ou m\u00eame en vols plus pacifiques. Lui, le prototype de nos m\u00e9caniciens, durs \u00e0 la t\u00e2che, fid\u00e8les et d\u00e9vou\u00e9s compagnons d\u2019\u00e9quipage dont ils \u00e9taient indissociables. Le livre, un style simple, direct, qui respire le vrai, l\u2019authentique.<\/span><\/p><p><span style=\"font-family: 'Open Sans'; text-align: left;\">Pierre Mayet.<\/span><\/p><p><br style=\"font-family: 'Open Sans'; text-align: left;\" \/><i style=\"font-family: 'Open Sans'; text-align: left;\">Editions Th\u00e9l\u00e8s (R\u00e9f\u00e9rence 2-84776-689-8)<\/i><\/p><p><i style=\"font-family: 'Open Sans'; text-align: left;\">11 Rue Martel 75010 Paris\u00a0<\/i><\/p><p><i style=\"font-family: 'Open Sans'; text-align: left;\">\u00a0<\/i><\/p><p><i style=\"font-family: 'Open Sans'; text-align: left;\">T\u00e9l .01 40 20 98 38<\/i><\/p><p><i style=\"font-family: 'Open Sans'; text-align: left;\">Site \u00a0www.theles.fr<\/i><\/p><p><i style=\"font-family: 'Open Sans'; text-align: left;\">16 \u20ac \u00a0TTC \u00a0(port 3, 10 \u20ac)<\/i><\/p>\t\t\t\t\t\t<\/div>\n\t\t\t\t<\/div>\n\t\t\t\t\t<\/div>\n\t\t<\/div>\n\t\t\t\t\t<\/div>\n\t\t<\/section>\n\t\t\t\t<\/div>\n\t\t","protected":false},"excerpt":{"rendered":"<p>Le ciel et mes ailes Raymond BOYER\u00a0 (Adh\u00e9rent ANTAM) C\u2019est un v\u00e9ritable Journal de Marche que nous offre ici l\u2019auteur. Le r\u00e9sultat d\u2019un travail consid\u00e9rable achev\u00e9 en 2006.Illustr\u00e9 de photos d\u2019\u00e9poque, parsem\u00e9 \u00e7a et l\u00e0 d\u2019anecdotes professionnelles ou familiales, de rappels historiques, de concentr\u00e9s de g\u00e9ographie, cet ouvrage nous entra\u00eene depuis l\u2019interruption de ses \u00e9tudes, [&hellip;]<\/p>\n","protected":false},"author":676,"featured_media":0,"comment_status":"closed","ping_status":"closed","sticky":false,"template":"","format":"standard","meta":[],"categories":[16],"tags":[],"_links":{"self":[{"href":"https:\/\/antam.ovh\/index.php\/wp-json\/wp\/v2\/posts\/9268"}],"collection":[{"href":"https:\/\/antam.ovh\/index.php\/wp-json\/wp\/v2\/posts"}],"about":[{"href":"https:\/\/antam.ovh\/index.php\/wp-json\/wp\/v2\/types\/post"}],"author":[{"embeddable":true,"href":"https:\/\/antam.ovh\/index.php\/wp-json\/wp\/v2\/users\/676"}],"replies":[{"embeddable":true,"href":"https:\/\/antam.ovh\/index.php\/wp-json\/wp\/v2\/comments?post=9268"}],"version-history":[{"count":4,"href":"https:\/\/antam.ovh\/index.php\/wp-json\/wp\/v2\/posts\/9268\/revisions"}],"predecessor-version":[{"id":9272,"href":"https:\/\/antam.ovh\/index.php\/wp-json\/wp\/v2\/posts\/9268\/revisions\/9272"}],"wp:attachment":[{"href":"https:\/\/antam.ovh\/index.php\/wp-json\/wp\/v2\/media?parent=9268"}],"wp:term":[{"taxonomy":"category","embeddable":true,"href":"https:\/\/antam.ovh\/index.php\/wp-json\/wp\/v2\/categories?post=9268"},{"taxonomy":"post_tag","embeddable":true,"href":"https:\/\/antam.ovh\/index.php\/wp-json\/wp\/v2\/tags?post=9268"}],"curies":[{"name":"wp","href":"https:\/\/api.w.org\/{rel}","templated":true}]}}