{"id":9314,"date":"2024-01-28T16:47:15","date_gmt":"2024-01-28T15:47:15","guid":{"rendered":"http:\/\/antam.ovh\/?p=9314"},"modified":"2024-01-28T16:50:00","modified_gmt":"2024-01-28T15:50:00","slug":"les-guerres-du-golfe","status":"publish","type":"post","link":"https:\/\/antam.ovh\/index.php\/2024\/01\/28\/les-guerres-du-golfe\/","title":{"rendered":"Les guerres du Golfe"},"content":{"rendered":"\t\t<div data-elementor-type=\"wp-post\" data-elementor-id=\"9314\" class=\"elementor elementor-9314\">\n\t\t\t\t\t\t<section class=\"elementor-section elementor-top-section elementor-element elementor-element-b3bd6ef elementor-section-boxed elementor-section-height-default elementor-section-height-default\" data-id=\"b3bd6ef\" data-element_type=\"section\">\n\t\t\t\t\t\t<div class=\"elementor-container elementor-column-gap-default\">\n\t\t\t\t\t<div class=\"elementor-column elementor-col-100 elementor-top-column elementor-element elementor-element-34e9c3c\" data-id=\"34e9c3c\" data-element_type=\"column\">\n\t\t\t<div class=\"elementor-widget-wrap elementor-element-populated\">\n\t\t\t\t\t\t<div class=\"elementor-element elementor-element-04ccd5b elementor-widget elementor-widget-heading\" data-id=\"04ccd5b\" data-element_type=\"widget\" data-widget_type=\"heading.default\">\n\t\t\t\t<div class=\"elementor-widget-container\">\n\t\t\t<h2 class=\"elementor-heading-title elementor-size-default\">Les guerres du Golfe<\/h2>\t\t<\/div>\n\t\t\t\t<\/div>\n\t\t\t\t\t<\/div>\n\t\t<\/div>\n\t\t\t\t\t<\/div>\n\t\t<\/section>\n\t\t\t\t<section class=\"elementor-section elementor-top-section elementor-element elementor-element-10d0253 elementor-section-boxed elementor-section-height-default elementor-section-height-default\" data-id=\"10d0253\" data-element_type=\"section\">\n\t\t\t\t\t\t<div class=\"elementor-container elementor-column-gap-default\">\n\t\t\t\t\t<div class=\"elementor-column elementor-col-100 elementor-top-column elementor-element elementor-element-b16604e\" data-id=\"b16604e\" data-element_type=\"column\">\n\t\t\t<div class=\"elementor-widget-wrap elementor-element-populated\">\n\t\t\t\t\t\t<div class=\"elementor-element elementor-element-256144e elementor-widget elementor-widget-text-editor\" data-id=\"256144e\" data-element_type=\"widget\" data-widget_type=\"text-editor.default\">\n\t\t\t\t<div class=\"elementor-widget-container\">\n\t\t\t\t\t\t\t<p><strong style=\"font-family: 'Open Sans'; text-align: left;\">G\u00e9n\u00e9ral Jean FLEURY<\/strong><\/p>\t\t\t\t\t\t<\/div>\n\t\t\t\t<\/div>\n\t\t\t\t\t<\/div>\n\t\t<\/div>\n\t\t\t\t\t<\/div>\n\t\t<\/section>\n\t\t\t\t<section class=\"elementor-section elementor-top-section elementor-element elementor-element-4c6539f elementor-section-boxed elementor-section-height-default elementor-section-height-default\" data-id=\"4c6539f\" data-element_type=\"section\">\n\t\t\t\t\t\t<div class=\"elementor-container elementor-column-gap-default\">\n\t\t\t\t\t<div class=\"elementor-column elementor-col-100 elementor-top-column elementor-element elementor-element-a69948a\" data-id=\"a69948a\" data-element_type=\"column\">\n\t\t\t<div class=\"elementor-widget-wrap elementor-element-populated\">\n\t\t\t\t\t\t<div class=\"elementor-element elementor-element-dc3e822 elementor-widget elementor-widget-text-editor\" data-id=\"dc3e822\" data-element_type=\"widget\" data-widget_type=\"text-editor.default\">\n\t\t\t\t<div class=\"elementor-widget-container\">\n\t\t\t\t\t\t\t<p><span style=\"font-family: 'Open Sans'; text-align: left;\">\u00a0\u00ab\u00a0Voici les deux guerres qui ont d\u00e9vast\u00e9 l\u2019Irak, la Guerre du Golfe (1991) et celle d\u2019Irak (2003) et qui ont \u00e9branl\u00e9 l\u2019\u00e9quilibre du monde, alimentant ainsi la haine anti-occidentale dans les pays arabo-musulmans; les menaces qui p\u00e8sent sur le monde trouvent en grande partie leur origine dans ces deux conflits. L\u2019auteur en est un t\u00e9moin privil\u00e9gi\u00e9 : lors de la Guerre du Golfe, il \u00e9tait le g\u00e9n\u00e9ral chef d\u2019\u00e9tat-major de l\u2019arm\u00e9e de l\u2019Air fran\u00e7aise. Il a suivi la guerre d\u2019Irak avec attention, acc\u00e9dant \u00e0 des sources am\u00e9ricaines peu divulgu\u00e9es. L\u2019auteur ne dresse pas de r\u00e9quisitoire mais en tire les conclusions politiques et militaires. Il ne verse pas dans le bourrage de cr\u00e2ne mais fait le proc\u00e8s de l\u2019administration Bush avec ses erreurs, ses mensonges, ses partis pris. Jean Fleury ne nous propose pas un ouvrage comme trop souvent ceux sign\u00e9s par des journalistes, \u00e0 chaud, \u00e0 la va-vite : ici Jean Fleury fait \u0153uvre d\u2019historien.\u00a0\u00bb<\/span><\/p><p><br style=\"font-family: 'Open Sans'; text-align: left;\" \/><span style=\"font-family: 'Open Sans'; text-align: left;\">Pierre Mayet (avec le concours de l\u2019 Association du Personnel Navigant Form\u00e9 en Am\u00e9rique)<\/span><\/p><p><br style=\"font-family: 'Open Sans'; text-align: left;\" \/><i style=\"font-family: 'Open Sans'; text-align: left;\">\u00e9ditons Jean Picollec (co\u00fbt 20 euros)<\/i><\/p>\t\t\t\t\t\t<\/div>\n\t\t\t\t<\/div>\n\t\t\t\t\t<\/div>\n\t\t<\/div>\n\t\t\t\t\t<\/div>\n\t\t<\/section>\n\t\t\t\t<\/div>\n\t\t","protected":false},"excerpt":{"rendered":"<p>Les guerres du Golfe G\u00e9n\u00e9ral Jean FLEURY \u00a0\u00ab\u00a0Voici les deux guerres qui ont d\u00e9vast\u00e9 l\u2019Irak, la Guerre du Golfe (1991) et celle d\u2019Irak (2003) et qui ont \u00e9branl\u00e9 l\u2019\u00e9quilibre du monde, alimentant ainsi la haine anti-occidentale dans les pays arabo-musulmans; les menaces qui p\u00e8sent sur le monde trouvent en grande partie leur origine dans ces [&hellip;]<\/p>\n","protected":false},"author":676,"featured_media":0,"comment_status":"closed","ping_status":"closed","sticky":false,"template":"","format":"standard","meta":[],"categories":[1],"tags":[],"_links":{"self":[{"href":"https:\/\/antam.ovh\/index.php\/wp-json\/wp\/v2\/posts\/9314"}],"collection":[{"href":"https:\/\/antam.ovh\/index.php\/wp-json\/wp\/v2\/posts"}],"about":[{"href":"https:\/\/antam.ovh\/index.php\/wp-json\/wp\/v2\/types\/post"}],"author":[{"embeddable":true,"href":"https:\/\/antam.ovh\/index.php\/wp-json\/wp\/v2\/users\/676"}],"replies":[{"embeddable":true,"href":"https:\/\/antam.ovh\/index.php\/wp-json\/wp\/v2\/comments?post=9314"}],"version-history":[{"count":7,"href":"https:\/\/antam.ovh\/index.php\/wp-json\/wp\/v2\/posts\/9314\/revisions"}],"predecessor-version":[{"id":9321,"href":"https:\/\/antam.ovh\/index.php\/wp-json\/wp\/v2\/posts\/9314\/revisions\/9321"}],"wp:attachment":[{"href":"https:\/\/antam.ovh\/index.php\/wp-json\/wp\/v2\/media?parent=9314"}],"wp:term":[{"taxonomy":"category","embeddable":true,"href":"https:\/\/antam.ovh\/index.php\/wp-json\/wp\/v2\/categories?post=9314"},{"taxonomy":"post_tag","embeddable":true,"href":"https:\/\/antam.ovh\/index.php\/wp-json\/wp\/v2\/tags?post=9314"}],"curies":[{"name":"wp","href":"https:\/\/api.w.org\/{rel}","templated":true}]}}