{"id":9839,"date":"2024-02-04T20:18:17","date_gmt":"2024-02-04T19:18:17","guid":{"rendered":"http:\/\/antam.ovh\/?p=9839"},"modified":"2024-02-04T20:23:54","modified_gmt":"2024-02-04T19:23:54","slug":"du-lynx-au-caracal","status":"publish","type":"post","link":"https:\/\/antam.ovh\/index.php\/2024\/02\/04\/du-lynx-au-caracal\/","title":{"rendered":"Du LYNX au CARACAL"},"content":{"rendered":"\t\t<div data-elementor-type=\"wp-post\" data-elementor-id=\"9839\" class=\"elementor elementor-9839\">\n\t\t\t\t\t\t<section class=\"elementor-section elementor-top-section elementor-element elementor-element-f6ea664 elementor-section-boxed elementor-section-height-default elementor-section-height-default\" data-id=\"f6ea664\" data-element_type=\"section\">\n\t\t\t\t\t\t<div class=\"elementor-container elementor-column-gap-default\">\n\t\t\t\t\t<div class=\"elementor-column elementor-col-100 elementor-top-column elementor-element elementor-element-14b9482\" data-id=\"14b9482\" data-element_type=\"column\">\n\t\t\t<div class=\"elementor-widget-wrap elementor-element-populated\">\n\t\t\t\t\t\t<div class=\"elementor-element elementor-element-1eddd47 elementor-widget elementor-widget-heading\" data-id=\"1eddd47\" data-element_type=\"widget\" data-widget_type=\"heading.default\">\n\t\t\t\t<div class=\"elementor-widget-container\">\n\t\t\t<h2 class=\"elementor-heading-title elementor-size-default\">Du LYNX au CARACAL, historique de la SAL 17<\/h2>\t\t<\/div>\n\t\t\t\t<\/div>\n\t\t\t\t\t<\/div>\n\t\t<\/div>\n\t\t\t\t\t<\/div>\n\t\t<\/section>\n\t\t\t\t<section class=\"elementor-section elementor-top-section elementor-element elementor-element-5f88505 elementor-section-boxed elementor-section-height-default elementor-section-height-default\" data-id=\"5f88505\" data-element_type=\"section\">\n\t\t\t\t\t\t<div class=\"elementor-container elementor-column-gap-default\">\n\t\t\t\t\t<div class=\"elementor-column elementor-col-100 elementor-top-column elementor-element elementor-element-347a1be\" data-id=\"347a1be\" data-element_type=\"column\">\n\t\t\t<div class=\"elementor-widget-wrap elementor-element-populated\">\n\t\t\t\t\t\t<div class=\"elementor-element elementor-element-070fc5f elementor-widget elementor-widget-text-editor\" data-id=\"070fc5f\" data-element_type=\"widget\" data-widget_type=\"text-editor.default\">\n\t\t\t\t<div class=\"elementor-widget-container\">\n\t\t\t\t\t\t\t<p>de Fabrice ALBRECHT<\/p>\t\t\t\t\t\t<\/div>\n\t\t\t\t<\/div>\n\t\t\t\t\t<\/div>\n\t\t<\/div>\n\t\t\t\t\t<\/div>\n\t\t<\/section>\n\t\t\t\t<section class=\"elementor-section elementor-top-section elementor-element elementor-element-c5db506 elementor-section-boxed elementor-section-height-default elementor-section-height-default\" data-id=\"c5db506\" data-element_type=\"section\">\n\t\t\t\t\t\t<div class=\"elementor-container elementor-column-gap-default\">\n\t\t\t\t\t<div class=\"elementor-column elementor-col-33 elementor-top-column elementor-element elementor-element-6843dd2\" data-id=\"6843dd2\" data-element_type=\"column\">\n\t\t\t<div class=\"elementor-widget-wrap\">\n\t\t\t\t\t\t\t<\/div>\n\t\t<\/div>\n\t\t\t\t<div class=\"elementor-column elementor-col-33 elementor-top-column elementor-element elementor-element-51d2781\" data-id=\"51d2781\" data-element_type=\"column\">\n\t\t\t<div class=\"elementor-widget-wrap elementor-element-populated\">\n\t\t\t\t\t\t<div class=\"elementor-element elementor-element-0065091 elementor-widget elementor-widget-image\" data-id=\"0065091\" data-element_type=\"widget\" data-widget_type=\"image.default\">\n\t\t\t\t<div class=\"elementor-widget-container\">\n\t\t\t\t\t\t\t\t\t\t\t\t\t<img fetchpriority=\"high\" decoding=\"async\" width=\"819\" height=\"1024\" src=\"https:\/\/antam.ovh\/wp-content\/uploads\/2024\/02\/Capture-decran-2024-02-04-a-20.21.04-819x1024.png\" class=\"attachment-large size-large wp-image-9842\" alt=\"du lynx au caracal\" srcset=\"https:\/\/antam.ovh\/wp-content\/uploads\/2024\/02\/Capture-decran-2024-02-04-a-20.21.04-819x1024.png 819w, https:\/\/antam.ovh\/wp-content\/uploads\/2024\/02\/Capture-decran-2024-02-04-a-20.21.04-240x300.png 240w, https:\/\/antam.ovh\/wp-content\/uploads\/2024\/02\/Capture-decran-2024-02-04-a-20.21.04-768x961.png 768w, https:\/\/antam.ovh\/wp-content\/uploads\/2024\/02\/Capture-decran-2024-02-04-a-20.21.04.png 996w\" sizes=\"(max-width: 819px) 100vw, 819px\" \/>\t\t\t\t\t\t\t\t\t\t\t\t\t<\/div>\n\t\t\t\t<\/div>\n\t\t\t\t\t<\/div>\n\t\t<\/div>\n\t\t\t\t<div class=\"elementor-column elementor-col-33 elementor-top-column elementor-element elementor-element-bcb968a\" data-id=\"bcb968a\" data-element_type=\"column\">\n\t\t\t<div class=\"elementor-widget-wrap\">\n\t\t\t\t\t\t\t<\/div>\n\t\t<\/div>\n\t\t\t\t\t<\/div>\n\t\t<\/section>\n\t\t\t\t<section class=\"elementor-section elementor-top-section elementor-element elementor-element-50bf4e6 elementor-section-boxed elementor-section-height-default elementor-section-height-default\" data-id=\"50bf4e6\" data-element_type=\"section\">\n\t\t\t\t\t\t<div class=\"elementor-container elementor-column-gap-default\">\n\t\t\t\t\t<div class=\"elementor-column elementor-col-100 elementor-top-column elementor-element elementor-element-a012cc8\" data-id=\"a012cc8\" data-element_type=\"column\">\n\t\t\t<div class=\"elementor-widget-wrap elementor-element-populated\">\n\t\t\t\t\t\t<div class=\"elementor-element elementor-element-e244b2b elementor-widget elementor-widget-text-editor\" data-id=\"e244b2b\" data-element_type=\"widget\" data-widget_type=\"text-editor.default\">\n\t\t\t\t<div class=\"elementor-widget-container\">\n\t\t\t\t\t\t\t<p>Cr\u00e9\u00e9e le 5 d\u00e9cembre 1914 \u00e0 Lyon-Bron, l\u2019escadrille SAL 17, d\u2019abord appel\u00e9e C 17, est directement engag\u00e9e sur le front de la Wo\u00ebvre. Escadrille de base, elle est employ\u00e9e pour la reconnaissance produisant de nombreux clich\u00e9s photographiques ainsi que pour le r\u00e9glage de l\u2019artillerie. Elle rejoint la Somme en septembre 1916. \u00a0Passant escadrille du 1er Corps d \u2018arm\u00e9e au cours de l\u2019ann\u00e9e 1917, elle participe \u00e0 la bataille du Chemin de Dames avant de retrouver le front des Flandres en juillet 1917. L\u2019escadrille suit la pouss\u00e9e vers la ligne Hindenburg en 1918 pour finir son avanc\u00e9e dans les Vosges \u00e0 la signature de l\u2019Armistice.\u00a0<\/p><p>A travers l\u2019important travail de recherches et de synth\u00e8se dans les archives du Service historique de la D\u00e9fense, cet ouvrage s\u2019apparente \u00e0 un journal de marche et d\u2019op\u00e9rations, les originaux ayant disparus. Il dresse l\u2019activit\u00e9 presque journali\u00e8re de l\u2019activit\u00e9 de l\u2019escadrille, les guidages au profit de l\u2019artillerie, le travail r\u00e9alis\u00e9 au profit des Divisions en soutien de la bataille qui se d\u00e9roule au sol. L\u2019ouvrage est illustr\u00e9 de nombreuses photographies issues des fonds du SHD mais aussi priv\u00e9s, proposant ainsi des clich\u00e9s in\u00e9dits, de cartes et profils de l\u2019auteur. Cet ouvrage est unique puisqu\u2019aucun livre retra\u00e7ant le parcours quotidien au cours de la Premi\u00e8re Guerre Mondiale d\u2019une escadrille avec autant de d\u00e9tail n\u2019a \u00e9t\u00e9 \u00e9dit\u00e9.<\/p><p>Ce livre est d\u00e9di\u00e9 \u00e0 tous les \u00e9quipages de la SAL 17 tomb\u00e9s pour la France et au personnel de l\u2019Escadron d\u2019h\u00e9licopt\u00e8res 1\/67 \u00ab Pyr\u00e9n\u00e9es \u00bb qui a repris les traditions de la SAL 17.<\/p>\t\t\t\t\t\t<\/div>\n\t\t\t\t<\/div>\n\t\t\t\t\t<\/div>\n\t\t<\/div>\n\t\t\t\t\t<\/div>\n\t\t<\/section>\n\t\t\t\t<\/div>\n\t\t","protected":false},"excerpt":{"rendered":"<p>Du LYNX au CARACAL, historique de la SAL 17 de Fabrice ALBRECHT Cr\u00e9\u00e9e le 5 d\u00e9cembre 1914 \u00e0 Lyon-Bron, l\u2019escadrille SAL 17, d\u2019abord appel\u00e9e C 17, est directement engag\u00e9e sur le front de la Wo\u00ebvre. Escadrille de base, elle est employ\u00e9e pour la reconnaissance produisant de nombreux clich\u00e9s photographiques ainsi que pour le r\u00e9glage de [&hellip;]<\/p>\n","protected":false},"author":676,"featured_media":0,"comment_status":"closed","ping_status":"closed","sticky":false,"template":"","format":"standard","meta":[],"categories":[16],"tags":[],"_links":{"self":[{"href":"https:\/\/antam.ovh\/index.php\/wp-json\/wp\/v2\/posts\/9839"}],"collection":[{"href":"https:\/\/antam.ovh\/index.php\/wp-json\/wp\/v2\/posts"}],"about":[{"href":"https:\/\/antam.ovh\/index.php\/wp-json\/wp\/v2\/types\/post"}],"author":[{"embeddable":true,"href":"https:\/\/antam.ovh\/index.php\/wp-json\/wp\/v2\/users\/676"}],"replies":[{"embeddable":true,"href":"https:\/\/antam.ovh\/index.php\/wp-json\/wp\/v2\/comments?post=9839"}],"version-history":[{"count":4,"href":"https:\/\/antam.ovh\/index.php\/wp-json\/wp\/v2\/posts\/9839\/revisions"}],"predecessor-version":[{"id":9845,"href":"https:\/\/antam.ovh\/index.php\/wp-json\/wp\/v2\/posts\/9839\/revisions\/9845"}],"wp:attachment":[{"href":"https:\/\/antam.ovh\/index.php\/wp-json\/wp\/v2\/media?parent=9839"}],"wp:term":[{"taxonomy":"category","embeddable":true,"href":"https:\/\/antam.ovh\/index.php\/wp-json\/wp\/v2\/categories?post=9839"},{"taxonomy":"post_tag","embeddable":true,"href":"https:\/\/antam.ovh\/index.php\/wp-json\/wp\/v2\/tags?post=9839"}],"curies":[{"name":"wp","href":"https:\/\/api.w.org\/{rel}","templated":true}]}}